{"id":169984,"date":"2015-10-26T11:15:19","date_gmt":"2015-10-26T10:15:19","guid":{"rendered":"http:\/\/www.radioluna.it\/news\/?p=169984"},"modified":"2015-10-26T12:20:39","modified_gmt":"2015-10-26T11:20:39","slug":"latina-finestrino-sfondato-al-capo-della-mobile-topo-dauto-o-segnale-inquietante","status":"publish","type":"post","link":"https:\/\/www.radioluna.it\/news\/2015\/10\/latina-finestrino-sfondato-al-capo-della-mobile-topo-dauto-o-segnale-inquietante\/","title":{"rendered":"Latina, finestrino sfondato al capo della Mobile: topo d&#8217;auto o segnale inquietante?"},"content":{"rendered":"<div id=\"fb-root\"><\/div>\n<div id=\"attachment_165266\" style=\"width: 511px\" class=\"wp-caption aligncenter\"><a href=\"http:\/\/www.radioluna.it\/news\/wp-content\/uploads\/2015\/06\/niglio.jpg\"><img loading=\"lazy\" decoding=\"async\" aria-describedby=\"caption-attachment-165266\" class=\"size-full wp-image-165266\" src=\"http:\/\/www.radioluna.it\/news\/wp-content\/uploads\/2015\/06\/niglio.jpg\" alt=\"Il dirigente della Mobile Tommaso Niglio\" width=\"501\" height=\"678\" srcset=\"https:\/\/www.radioluna.it\/news\/wp-content\/uploads\/2015\/06\/niglio.jpg 501w, https:\/\/www.radioluna.it\/news\/wp-content\/uploads\/2015\/06\/niglio-500x677.jpg 500w, https:\/\/www.radioluna.it\/news\/wp-content\/uploads\/2015\/06\/niglio-222x300.jpg 222w\" sizes=\"auto, (max-width: 501px) 100vw, 501px\" \/><\/a><p id=\"caption-attachment-165266\" class=\"wp-caption-text\">Il dirigente della Mobile Tommaso Niglio<\/p><\/div>\n<p style=\"text-align: justify;\"><strong>LATINA<\/strong> &#8211;\u00a0Un finestrino sfondato nella notte tra venerd\u00ec e sabato a Latina ha destato particolare allarme, perch\u00e9 l&#8217;auto in questione \u00e8 quella del dirigente della squadra Mobile Tommaso Niglio, l&#8217;investigatore che ha dato vita all&#8217;operazione Don&#8217;t Touch contro l&#8217;organizzazione criminale capitanata da Costantino Di Silvio detto Cha Cha, dedita allo spaccio di droga, all&#8217;usura e alle estorsioni, che secondo gli inquirenti ha accumulato, nascosto attraverso prestanome e dunque riciclato un patrimonio milionario. Dall&#8217;auto del vice questore non \u00e8 stato preso nulla. E forse \u00e8 questa la vera stranezza. Le indagini sono in corso per capire se si sia trattato di un odioso atto vandalico, dell&#8217;azione di un topo d&#8217;auto o di qualcosa di pi\u00f9, un gesto di natura diversa, da collegare proprio con gli arresti di luned\u00ec 12 ottobre.<\/p>\n<p style=\"text-align: justify;\">Per Niglio questi sono gli ultimi giorni in Corso della Repubblica, prima del trasferimento a Salerno.<\/p>\n<div class=\"radio-posizionamento-telefono-in-articoli-dopo-il-contenuto-articolo radio-entity-placement\" id=\"radio-3501083164\"><div id=\"radio-2574152577\"><a href=\"https:\/\/www.simeoneceramiche.com\/\" aria-label=\"SIMEONE CERAMICHE GIF animata per radioluna_Tavola disegno 1 copia 2 (online-video-cutter.com)\"><img loading=\"lazy\" decoding=\"async\" src=\"https:\/\/www.radioluna.it\/news\/wp-content\/uploads\/2025\/05\/SIMEONE-CERAMICHE-GIF-animata-per-radioluna_Tavola-disegno-1-copia-2-online-video-cutter.com_.gif\" alt=\"\"  width=\"300\" height=\"250\"   \/><\/a><\/div><\/div>","protected":false},"excerpt":{"rendered":"<p>LATINA &#8211;\u00a0Un finestrino sfondato nella notte tra venerd\u00ec e sabato a Latina ha destato particolare allarme, perch\u00e9 l&#8217;auto in questione \u00e8 quella del dirigente della squadra Mobile Tommaso Niglio, l&#8217;investigatore che ha dato vita all&#8217;operazione Don&#8217;t Touch contro l&#8217;organizzazione criminale capitanata da Costantino Di Silvio detto Cha Cha, dedita allo spaccio di droga, all&#8217;usura e [&hellip;]<\/p>\n","protected":false},"author":62,"featured_media":165266,"comment_status":"open","ping_status":"closed","sticky":false,"template":"","format":"standard","meta":{"footnotes":""},"categories":[7],"tags":[],"class_list":["post-169984","post","type-post","status-publish","format-standard","has-post-thumbnail","hentry","category-cronaca"],"_links":{"self":[{"href":"https:\/\/www.radioluna.it\/news\/wp-json\/wp\/v2\/posts\/169984","targetHints":{"allow":["GET"]}}],"collection":[{"href":"https:\/\/www.radioluna.it\/news\/wp-json\/wp\/v2\/posts"}],"about":[{"href":"https:\/\/www.radioluna.it\/news\/wp-json\/wp\/v2\/types\/post"}],"author":[{"embeddable":true,"href":"https:\/\/www.radioluna.it\/news\/wp-json\/wp\/v2\/users\/62"}],"replies":[{"embeddable":true,"href":"https:\/\/www.radioluna.it\/news\/wp-json\/wp\/v2\/comments?post=169984"}],"version-history":[{"count":0,"href":"https:\/\/www.radioluna.it\/news\/wp-json\/wp\/v2\/posts\/169984\/revisions"}],"wp:featuredmedia":[{"embeddable":true,"href":"https:\/\/www.radioluna.it\/news\/wp-json\/wp\/v2\/media\/165266"}],"wp:attachment":[{"href":"https:\/\/www.radioluna.it\/news\/wp-json\/wp\/v2\/media?parent=169984"}],"wp:term":[{"taxonomy":"category","embeddable":true,"href":"https:\/\/www.radioluna.it\/news\/wp-json\/wp\/v2\/categories?post=169984"},{"taxonomy":"post_tag","embeddable":true,"href":"https:\/\/www.radioluna.it\/news\/wp-json\/wp\/v2\/tags?post=169984"}],"curies":[{"name":"wp","href":"https:\/\/api.w.org\/{rel}","templated":true}]}}