{"id":169987,"date":"2015-10-26T12:13:29","date_gmt":"2015-10-26T11:13:29","guid":{"rendered":"http:\/\/www.radioluna.it\/news\/?p=169987"},"modified":"2015-10-26T12:14:55","modified_gmt":"2015-10-26T11:14:55","slug":"dont-touch-al-riesame-davanti-ai-giudici-di-roma-le-posizioni-di-altomare-e-tuma","status":"publish","type":"post","link":"https:\/\/www.radioluna.it\/news\/2015\/10\/dont-touch-al-riesame-davanti-ai-giudici-di-roma-le-posizioni-di-altomare-e-tuma\/","title":{"rendered":"Dont&#8217; Touch al Riesame: davanti ai giudici di Roma le posizioni di Altomare e Tuma"},"content":{"rendered":"<div id=\"fb-root\"><\/div>\n<div id=\"attachment_169678\" style=\"width: 645px\" class=\"wp-caption aligncenter\"><a href=\"http:\/\/www.radioluna.it\/news\/wp-content\/uploads\/2015\/10\/nathan.jpg\"><img loading=\"lazy\" decoding=\"async\" aria-describedby=\"caption-attachment-169678\" class=\"size-thumbnail wp-image-169678\" src=\"http:\/\/www.radioluna.it\/news\/wp-content\/uploads\/2015\/10\/nathan-635x423.jpg\" alt=\"Altomare tra gli agenti della Squadra Mobile che lo hanno arrestato luned\u00ec 12 ottobre\" width=\"635\" height=\"423\" srcset=\"https:\/\/www.radioluna.it\/news\/wp-content\/uploads\/2015\/10\/nathan-635x423.jpg 635w, https:\/\/www.radioluna.it\/news\/wp-content\/uploads\/2015\/10\/nathan-768x511.jpg 768w, https:\/\/www.radioluna.it\/news\/wp-content\/uploads\/2015\/10\/nathan-500x333.jpg 500w, https:\/\/www.radioluna.it\/news\/wp-content\/uploads\/2015\/10\/nathan-600x400.jpg 600w, https:\/\/www.radioluna.it\/news\/wp-content\/uploads\/2015\/10\/nathan-300x200.jpg 300w, https:\/\/www.radioluna.it\/news\/wp-content\/uploads\/2015\/10\/nathan-1024x682.jpg 1024w, https:\/\/www.radioluna.it\/news\/wp-content\/uploads\/2015\/10\/nathan-800x533.jpg 800w, https:\/\/www.radioluna.it\/news\/wp-content\/uploads\/2015\/10\/nathan.jpg 1000w\" sizes=\"auto, (max-width: 635px) 100vw, 635px\" \/><\/a><p id=\"caption-attachment-169678\" class=\"wp-caption-text\">Altomare tra gli agenti della Squadra Mobile che lo hanno arrestato luned\u00ec 12 ottobre<\/p><\/div>\n<p style=\"text-align: justify;\"><strong>LATINA<\/strong>&#8211; A distanza di due settimane esatte da quando \u00e8 scattata l&#8217;operazione Don&#8217;t Touch questa mattina a Roma davanti ai giudici del Tribunale del Riesame si stanno discutendo le posizioni di Natan Altomare e Gianluca Tuma due dei principali indagati nell&#8217;inchiesta che ha portato all&#8217;emisisone di 24 ordinanze di custodia cautelare in carcere. I legali dei due arrestati hanno presentato ricorso contro la misura cautelare emessa dal gip Giuseppe Cario. Il primo, Natan Altomare, \u00e8 ritenuto essere l\u2019organizzatore e il promotore di un ramo preciso dell\u2019associazione criminale, l&#8217;uomo che commissionava i furti in diverse ville dalla citt\u00e0 come ha riportato il gip Giuseppe Cario nell\u2019ordinanza di custodia cautelare (tra queste anche la villa dell&#8217;onorevole Pasquale Maietta). Altomare ha gi\u00e0 sostenuto di essere estraneo ai fatti contestati e che l\u2019auto usata dalla banda, una Bmw \u00e8 stata venduta alla zia di un romeno e che poi \u00e8 stata localizzata. Proprio uno dei componenti della banda che era latitante ieri sera si \u00e8 costituito in carcere a Velletri si tratta di Aleksander Prendi.<\/p>\n<p style=\"text-align: justify;\">Non solo Altomare, ma anche gli altri indagati hanno presentato ricorso. Nel gruppo anche Gianluca Tuma anche per lui l&#8217;accusa \u00e8 quella di associazione a delinquere, minacce e intestazione fittizia di beni. Pi\u00f9 tardi si conoscer\u00e0 la decisione dei giudici in merito alle richieste di scarcerazione presentate dal collegio difensivo.<\/p>\n<div class=\"radio-posizionamento-telefono-in-articoli-dopo-il-contenuto-articolo radio-entity-placement\" id=\"radio-760284637\"><div id=\"radio-808862963\"><a href=\"https:\/\/www.simeoneceramiche.com\/\" aria-label=\"SIMEONE CERAMICHE GIF animata per radioluna_Tavola disegno 1 copia 2 (online-video-cutter.com)\"><img loading=\"lazy\" decoding=\"async\" src=\"https:\/\/www.radioluna.it\/news\/wp-content\/uploads\/2025\/05\/SIMEONE-CERAMICHE-GIF-animata-per-radioluna_Tavola-disegno-1-copia-2-online-video-cutter.com_.gif\" alt=\"\"  width=\"300\" height=\"250\"   \/><\/a><\/div><\/div>","protected":false},"excerpt":{"rendered":"<p>LATINA&#8211; A distanza di due settimane esatte da quando \u00e8 scattata l&#8217;operazione Don&#8217;t Touch questa mattina a Roma davanti ai giudici del Tribunale del Riesame si stanno discutendo le posizioni di Natan Altomare e Gianluca Tuma due dei principali indagati nell&#8217;inchiesta che ha portato all&#8217;emisisone di 24 ordinanze di custodia cautelare in carcere. I legali [&hellip;]<\/p>\n","protected":false},"author":60,"featured_media":169678,"comment_status":"open","ping_status":"closed","sticky":false,"template":"","format":"standard","meta":{"footnotes":""},"categories":[7],"tags":[],"class_list":["post-169987","post","type-post","status-publish","format-standard","has-post-thumbnail","hentry","category-cronaca"],"_links":{"self":[{"href":"https:\/\/www.radioluna.it\/news\/wp-json\/wp\/v2\/posts\/169987","targetHints":{"allow":["GET"]}}],"collection":[{"href":"https:\/\/www.radioluna.it\/news\/wp-json\/wp\/v2\/posts"}],"about":[{"href":"https:\/\/www.radioluna.it\/news\/wp-json\/wp\/v2\/types\/post"}],"author":[{"embeddable":true,"href":"https:\/\/www.radioluna.it\/news\/wp-json\/wp\/v2\/users\/60"}],"replies":[{"embeddable":true,"href":"https:\/\/www.radioluna.it\/news\/wp-json\/wp\/v2\/comments?post=169987"}],"version-history":[{"count":0,"href":"https:\/\/www.radioluna.it\/news\/wp-json\/wp\/v2\/posts\/169987\/revisions"}],"wp:featuredmedia":[{"embeddable":true,"href":"https:\/\/www.radioluna.it\/news\/wp-json\/wp\/v2\/media\/169678"}],"wp:attachment":[{"href":"https:\/\/www.radioluna.it\/news\/wp-json\/wp\/v2\/media?parent=169987"}],"wp:term":[{"taxonomy":"category","embeddable":true,"href":"https:\/\/www.radioluna.it\/news\/wp-json\/wp\/v2\/categories?post=169987"},{"taxonomy":"post_tag","embeddable":true,"href":"https:\/\/www.radioluna.it\/news\/wp-json\/wp\/v2\/tags?post=169987"}],"curies":[{"name":"wp","href":"https:\/\/api.w.org\/{rel}","templated":true}]}}