{"id":170008,"date":"2015-10-27T13:24:18","date_gmt":"2015-10-27T12:24:18","guid":{"rendered":"http:\/\/www.radioluna.it\/news\/?p=170008"},"modified":"2015-10-27T13:24:18","modified_gmt":"2015-10-27T12:24:18","slug":"il-gigante-buono-un-anno-di-lotte-stasera-la-veglia-in-via-quarto","status":"publish","type":"post","link":"https:\/\/www.radioluna.it\/news\/2015\/10\/il-gigante-buono-un-anno-di-lotte-stasera-la-veglia-in-via-quarto\/","title":{"rendered":"Il Gigante Buono, un anno di lotte. Stasera la veglia in Via Quarto"},"content":{"rendered":"<div id=\"fb-root\"><\/div>\n<div id=\"attachment_170009\" style=\"width: 235px\" class=\"wp-caption alignleft\"><a href=\"http:\/\/www.radioluna.it\/news\/wp-content\/uploads\/2015\/10\/il-gigante-buono.jpg\"><img loading=\"lazy\" decoding=\"async\" aria-describedby=\"caption-attachment-170009\" class=\"wp-image-170009 size-medium\" src=\"http:\/\/www.radioluna.it\/news\/wp-content\/uploads\/2015\/10\/il-gigante-buono-225x300.jpg\" alt=\"il gigante buono\" width=\"225\" height=\"300\" srcset=\"https:\/\/www.radioluna.it\/news\/wp-content\/uploads\/2015\/10\/il-gigante-buono-225x300.jpg 225w, https:\/\/www.radioluna.it\/news\/wp-content\/uploads\/2015\/10\/il-gigante-buono-500x667.jpg 500w, https:\/\/www.radioluna.it\/news\/wp-content\/uploads\/2015\/10\/il-gigante-buono-635x847.jpg 635w, https:\/\/www.radioluna.it\/news\/wp-content\/uploads\/2015\/10\/il-gigante-buono-300x400.jpg 300w, https:\/\/www.radioluna.it\/news\/wp-content\/uploads\/2015\/10\/il-gigante-buono.jpg 720w\" sizes=\"auto, (max-width: 225px) 100vw, 225px\" \/><\/a><p id=\"caption-attachment-170009\" class=\"wp-caption-text\">Prima e dopo<\/p><\/div>\n<p style=\"text-align: justify;\"><strong><a href=\"http:\/\/www.radioluna.it\/news\/wp-content\/uploads\/2015\/01\/VIA-QUARTO.jpg\"><img loading=\"lazy\" decoding=\"async\" class=\"alignleft wp-image-159856 \" src=\"http:\/\/www.radioluna.it\/news\/wp-content\/uploads\/2015\/01\/VIA-QUARTO-300x110.jpg\" alt=\"VIA QUARTO\" width=\"450\" height=\"165\" \/><\/a>LATINA<\/strong> &#8211; Stasera tutti in Via Quarto per non dimenticare il Gigante Buono e soprattutto per dimostrare che il Movimento civico nato sulle ceneri dell&#8217;albero tagliato un anno fa \u00e8 vivo e vegeto. \u00a0E&#8217; stato un anno lunghissimo per Latina. A guardarsi indietro sembrano dieci. Eppure sono passati solo 12 mesi dall&#8217;abbattimento di due eucaliptus sacrificati per far posto ad un palazzo poi bloccato. Ne \u00e8 nato un Movimento di sdegno, che in pochi mesi \u00e8 diventato un Comitato di lotta, contro un sistema, quello dell&#8217;urbanistica ad personam e della politica in house.<\/p>\n<p style=\"text-align: justify;\">Stasera, marted\u00ec 27 ottobre, dalle 21 alle 22 l&#8217;appuntamento \u00e8 davanti al cantiere bloccato, divenuto il simbolo dell&#8217;edilizia spregiudicata che si \u00e8 imposta su quella sana. E&#8217; stata l&#8217;ennesima sfida ai cittadini che stavolta si sono ribellati: documenti alla mano, grazie ad un&#8217;approfondita opera di studio, \u00e8 venuto fuori che la concessione per quel palazzo da 5 piani che doveva sorgere in Via Quarto, era illegittima e il Comune, pressato anche da un&#8217;inchiesta della Procura, l&#8217;ha revocata in autotutela. \u00a0E&#8217; stato solo il primo di una lunga serie di fatti che hanno portato alla luce un sistema malsano di pensare la crescita della citt\u00e0, a vantaggio di pochi e a svantaggio della collettivit\u00e0 tutta.<\/p>\n<p style=\"text-align: justify;\">&#8220;Per la prima volta il cittadino non \u00e8 rimasto spettatore inerte &#8211; commenta uno degli attivisti, Bruno Mucci &#8211;\u00a0Consapevole e determinato, si \u00e8 impegnato nella lotta contro il dilagante consumo del suolo che avrebbe colpito parchi pubblici e preziose aree verdi presenti in tutta la citt\u00e0, dando vita al pi\u00f9 grande movimento di protesta civile e pacifica nella storia di Latina&#8221;. E&#8217; questo Movimento che oggi chiama a raccolta la citt\u00e0.<\/p>\n<p style=\"text-align: justify;\">&#8220;Se solo avessero immaginato, se solo avessero saputo non credo mi avrebbero abbattuto e dopo un anno sono ancora qui a parlare con voi, per voi. Riverso al suolo, sconfitto e defraudato, osservavo il dolore dei bimbi, lo sgomento della gente. Ho sentito chiare le voci di quanti gridavano:\u201d Ma perch\u00e9 lo hanno fatto, per quale scopo, quell\u2019albero non dava alcun fastidio\u201d\u2026.Dava fastidio, davo fastidio, la mia presenza era di ingombro agli interessi di alcuni individui. Persone capaci di dividere il cielo e le speranze in tanti piccoli quadratini in cui far vivere la gente come uccelli rinchiusi in piccole anguste gabbie&#8221;, dice il Gigante Buono che oggi parla attraverso il Comitato di cittadini che vuole continui a vivere.<\/p>\n<p style=\"text-align: justify;\">\n<p>&nbsp;<\/p>\n<div class=\"radio-posizionamento-telefono-in-articoli-dopo-il-contenuto-articolo radio-entity-placement\" id=\"radio-1622332173\"><div id=\"radio-1338370792\"><a href=\"https:\/\/grupporedi.it\/\" aria-label=\"Redi-Qr\"><img loading=\"lazy\" decoding=\"async\" src=\"https:\/\/www.radioluna.it\/news\/wp-content\/uploads\/2026\/03\/Redi-Qr.jpg\" alt=\"\"  srcset=\"https:\/\/www.radioluna.it\/news\/wp-content\/uploads\/2026\/03\/Redi-Qr.jpg 800w, https:\/\/www.radioluna.it\/news\/wp-content\/uploads\/2026\/03\/Redi-Qr-768x639.jpg 768w\" sizes=\"(max-width: 800px) 100vw, 800px\" width=\"300\" height=\"250\"   \/><\/a><\/div><\/div>","protected":false},"excerpt":{"rendered":"<p>LATINA &#8211; Stasera tutti in Via Quarto per non dimenticare il Gigante Buono e soprattutto per dimostrare che il Movimento civico nato sulle ceneri dell&#8217;albero tagliato un anno fa \u00e8 vivo e vegeto. \u00a0E&#8217; stato un anno lunghissimo per Latina. A guardarsi indietro sembrano dieci. Eppure sono passati solo 12 mesi dall&#8217;abbattimento di due eucaliptus [&hellip;]<\/p>\n","protected":false},"author":62,"featured_media":170009,"comment_status":"open","ping_status":"closed","sticky":false,"template":"","format":"standard","meta":{"footnotes":""},"categories":[16],"tags":[],"class_list":["post-170008","post","type-post","status-publish","format-standard","has-post-thumbnail","hentry","category-appuntamenti"],"_links":{"self":[{"href":"https:\/\/www.radioluna.it\/news\/wp-json\/wp\/v2\/posts\/170008","targetHints":{"allow":["GET"]}}],"collection":[{"href":"https:\/\/www.radioluna.it\/news\/wp-json\/wp\/v2\/posts"}],"about":[{"href":"https:\/\/www.radioluna.it\/news\/wp-json\/wp\/v2\/types\/post"}],"author":[{"embeddable":true,"href":"https:\/\/www.radioluna.it\/news\/wp-json\/wp\/v2\/users\/62"}],"replies":[{"embeddable":true,"href":"https:\/\/www.radioluna.it\/news\/wp-json\/wp\/v2\/comments?post=170008"}],"version-history":[{"count":0,"href":"https:\/\/www.radioluna.it\/news\/wp-json\/wp\/v2\/posts\/170008\/revisions"}],"wp:featuredmedia":[{"embeddable":true,"href":"https:\/\/www.radioluna.it\/news\/wp-json\/wp\/v2\/media\/170009"}],"wp:attachment":[{"href":"https:\/\/www.radioluna.it\/news\/wp-json\/wp\/v2\/media?parent=170008"}],"wp:term":[{"taxonomy":"category","embeddable":true,"href":"https:\/\/www.radioluna.it\/news\/wp-json\/wp\/v2\/categories?post=170008"},{"taxonomy":"post_tag","embeddable":true,"href":"https:\/\/www.radioluna.it\/news\/wp-json\/wp\/v2\/tags?post=170008"}],"curies":[{"name":"wp","href":"https:\/\/api.w.org\/{rel}","templated":true}]}}