{"id":170010,"date":"2015-10-27T13:54:01","date_gmt":"2015-10-27T12:54:01","guid":{"rendered":"http:\/\/www.radioluna.it\/news\/?p=170010"},"modified":"2015-10-28T07:59:56","modified_gmt":"2015-10-28T06:59:56","slug":"orgogliosi-di-dire-che-cresce-la-fiducia-dei-cittadini-nelle-istituzioni","status":"publish","type":"post","link":"https:\/\/www.radioluna.it\/news\/2015\/10\/orgogliosi-di-dire-che-cresce-la-fiducia-dei-cittadini-nelle-istituzioni\/","title":{"rendered":"&#8220;Orgogliosi di dire che cresce la fiducia dei cittadini nelle istituzioni&#8221;"},"content":{"rendered":"<div id=\"fb-root\"><\/div>\n<p style=\"text-align: justify;\"><strong><a href=\"http:\/\/www.radioluna.it\/news\/wp-content\/uploads\/2015\/10\/trio.jpg\"><img loading=\"lazy\" decoding=\"async\" class=\"aligncenter size-thumbnail wp-image-170013\" src=\"http:\/\/www.radioluna.it\/news\/wp-content\/uploads\/2015\/10\/trio-635x422.jpg\" alt=\"trio\" width=\"635\" height=\"422\" srcset=\"https:\/\/www.radioluna.it\/news\/wp-content\/uploads\/2015\/10\/trio-635x422.jpg 635w, https:\/\/www.radioluna.it\/news\/wp-content\/uploads\/2015\/10\/trio-768x511.jpg 768w, https:\/\/www.radioluna.it\/news\/wp-content\/uploads\/2015\/10\/trio-500x333.jpg 500w, https:\/\/www.radioluna.it\/news\/wp-content\/uploads\/2015\/10\/trio-600x400.jpg 600w, https:\/\/www.radioluna.it\/news\/wp-content\/uploads\/2015\/10\/trio-300x200.jpg 300w, https:\/\/www.radioluna.it\/news\/wp-content\/uploads\/2015\/10\/trio.jpg 800w\" sizes=\"auto, (max-width: 635px) 100vw, 635px\" \/><\/a>LATINA<\/strong> &#8211; \u00a0&#8220;L&#8217;operazione che i carabinieri hanno realizzato a Terracina \u00a0arrestando una rete di spacciatori grazie anche alla denuncia di mamme-coraggio che si sono confidate, dimostra che la fiducia nelle istituzioni su questo territorio sta crescendo&#8221;. ne \u00e8 sicuro il Prefetto di Latina Pierluigi Faloni che ha ricevuto oggi il comandante provinciale dell&#8217;Arma, il colonnello Eduardo Calvi, \u00a0i comandanti della compagnia di Terracina, Margherita Anzini e della Tenenza di Fondi, Ivan Mastromanno, \u00a0con i comandanti delle stazioni di San Felice Circeo e Sperlonga che hanno collaborato alla riuscita dell&#8217;indagine prima, e dell&#8217;operazione poi. \u00a0Il rappresentante di Governo ha voluto anche sottolineare l&#8217;importanza del lavoro sinergico tra tutte le forze dell&#8217;ordine sul territorio. ASCOLTA<\/p>\n<audio class=\"wp-audio-shortcode\" id=\"audio-170010-1\" preload=\"none\" style=\"width: 100%;\" controls=\"controls\"><source type=\"audio\/mpeg\" src=\"http:\/\/www.radioluna.it\/news\/wp-content\/uploads\/2015\/10\/prefetto-per-sito.mp3?_=1\" \/><a href=\"http:\/\/www.radioluna.it\/news\/wp-content\/uploads\/2015\/10\/prefetto-per-sito.mp3\">http:\/\/www.radioluna.it\/news\/wp-content\/uploads\/2015\/10\/prefetto-per-sito.mp3<\/a><\/audio>\n<p>&#8220;Aver rimodulato le forze sul territorio dando pi\u00f9 uomini alla tenenza di Fondi ci ha premiato. Godere della fiducia dei cittadini \u00e8 la cosa che ci conforta di pi\u00f9, sono loro i nostri primi datori di lavoro&#8221;, ha detto il colonnello Calvi.<\/p>\n<audio class=\"wp-audio-shortcode\" id=\"audio-170010-2\" preload=\"none\" style=\"width: 100%;\" controls=\"controls\"><source type=\"audio\/mpeg\" src=\"http:\/\/www.radioluna.it\/news\/wp-content\/uploads\/2015\/10\/Col-Calvi-per-sito.mp3?_=2\" \/><a href=\"http:\/\/www.radioluna.it\/news\/wp-content\/uploads\/2015\/10\/Col-Calvi-per-sito.mp3\">http:\/\/www.radioluna.it\/news\/wp-content\/uploads\/2015\/10\/Col-Calvi-per-sito.mp3<\/a><\/audio>\n<div class=\"radio-posizionamento-telefono-in-articoli-dopo-il-contenuto-articolo radio-entity-placement\" id=\"radio-2169754292\"><div id=\"radio-2958979748\" style=\"width: 300px;height: 250px;\"><a href=\"https:\/\/www.icarspa.it\/auto\/usate\/latina\/\" aria-label=\"banner aprile icar new life &#8211; auto usate latina\"><img loading=\"lazy\" decoding=\"async\" src=\"https:\/\/www.radioluna.it\/news\/wp-content\/uploads\/2026\/02\/banner-aprile-icar-new-life-auto-usate-latina.gif\" alt=\"\"  width=\"300\" height=\"250\"   \/><\/a><\/div><\/div>","protected":false},"excerpt":{"rendered":"<p>LATINA &#8211; \u00a0&#8220;L&#8217;operazione che i carabinieri hanno realizzato a Terracina \u00a0arrestando una rete di spacciatori grazie anche alla denuncia di mamme-coraggio che si sono confidate, dimostra che la fiducia nelle istituzioni su questo territorio sta crescendo&#8221;. ne \u00e8 sicuro il Prefetto di Latina Pierluigi Faloni che ha ricevuto oggi il comandante provinciale dell&#8217;Arma, il colonnello [&hellip;]<\/p>\n","protected":false},"author":60,"featured_media":170013,"comment_status":"open","ping_status":"closed","sticky":false,"template":"","format":"standard","meta":{"footnotes":""},"categories":[2310,7],"tags":[],"class_list":["post-170010","post","type-post","status-publish","format-standard","has-post-thumbnail","hentry","category-audio","category-cronaca"],"_links":{"self":[{"href":"https:\/\/www.radioluna.it\/news\/wp-json\/wp\/v2\/posts\/170010","targetHints":{"allow":["GET"]}}],"collection":[{"href":"https:\/\/www.radioluna.it\/news\/wp-json\/wp\/v2\/posts"}],"about":[{"href":"https:\/\/www.radioluna.it\/news\/wp-json\/wp\/v2\/types\/post"}],"author":[{"embeddable":true,"href":"https:\/\/www.radioluna.it\/news\/wp-json\/wp\/v2\/users\/60"}],"replies":[{"embeddable":true,"href":"https:\/\/www.radioluna.it\/news\/wp-json\/wp\/v2\/comments?post=170010"}],"version-history":[{"count":0,"href":"https:\/\/www.radioluna.it\/news\/wp-json\/wp\/v2\/posts\/170010\/revisions"}],"wp:featuredmedia":[{"embeddable":true,"href":"https:\/\/www.radioluna.it\/news\/wp-json\/wp\/v2\/media\/170013"}],"wp:attachment":[{"href":"https:\/\/www.radioluna.it\/news\/wp-json\/wp\/v2\/media?parent=170010"}],"wp:term":[{"taxonomy":"category","embeddable":true,"href":"https:\/\/www.radioluna.it\/news\/wp-json\/wp\/v2\/categories?post=170010"},{"taxonomy":"post_tag","embeddable":true,"href":"https:\/\/www.radioluna.it\/news\/wp-json\/wp\/v2\/tags?post=170010"}],"curies":[{"name":"wp","href":"https:\/\/api.w.org\/{rel}","templated":true}]}}