{"id":170015,"date":"2015-10-27T14:18:46","date_gmt":"2015-10-27T13:18:46","guid":{"rendered":"http:\/\/www.radioluna.it\/news\/?p=170015"},"modified":"2015-10-30T07:36:25","modified_gmt":"2015-10-30T06:36:25","slug":"bianchi-si-rilancia-in-poitica-addio-a-fi-il-futuro-e-noi-con-salvini","status":"publish","type":"post","link":"https:\/\/www.radioluna.it\/news\/2015\/10\/bianchi-si-rilancia-in-poitica-addio-a-fi-il-futuro-e-noi-con-salvini\/","title":{"rendered":"Bianchi si rilancia in poitica: &#8220;Addio a Fi il futuro \u00e8 Noi con Salvini&#8221;"},"content":{"rendered":"<div id=\"fb-root\"><\/div>\n<p style=\"text-align: justify;\"><strong><a href=\"http:\/\/www.radioluna.it\/news\/wp-content\/uploads\/2015\/06\/bianchi.jpg\"><img loading=\"lazy\" decoding=\"async\" class=\"aligncenter size-thumbnail wp-image-165636\" src=\"http:\/\/www.radioluna.it\/news\/wp-content\/uploads\/2015\/06\/bianchi-635x476.jpg\" alt=\"bianchi\" width=\"635\" height=\"476\" srcset=\"https:\/\/www.radioluna.it\/news\/wp-content\/uploads\/2015\/06\/bianchi-635x476.jpg 635w, https:\/\/www.radioluna.it\/news\/wp-content\/uploads\/2015\/06\/bianchi-500x375.jpg 500w, https:\/\/www.radioluna.it\/news\/wp-content\/uploads\/2015\/06\/bianchi-300x225.jpg 300w, https:\/\/www.radioluna.it\/news\/wp-content\/uploads\/2015\/06\/bianchi.jpg 720w\" sizes=\"auto, (max-width: 635px) 100vw, 635px\" \/><\/a>LATINA<\/strong> &#8211; Addio definitivo a Forza Italia, il futuro politico di Vincenzo Bianchi \u00e8 con Salvini. L&#8217;ex parlamentare, dopo un periodo di &#8220;freddo&#8221; con gli azzurri seguito alla caduta del sindaco di Latina, sembra proprio deciso a salutare i vecchi compagni per i neoleghisti. Riferendosi\u00a0\u00a0alle indiscrezioni apparse sulla stampa sulle sue nuove simpatie leghiste, Bianchi spiega in una nota di aver &#8220;iniziato a dialogare e a confrontarsi con tutte le forze\u00a0positive e di rinnovamento del centro-destra, che siano esse di provenienza civica o partitica, con il\u00a0solo fine di poter contribuire alla nascita di un nuovo asset politico fondato\u00a0su i principi di legalit\u00e0, trasparenza e rinnovamento&#8221;. Definisce &#8220;encomiabile il lavoro che Fratelli D\u2019Italia sta svolgendo&#8221;, ma ammette che &#8220;in questo percorso del dialogo, ha avuto il piacere di scoprire nuove forze e nuovi entusiasmi in un\u00a0movimento politico come quello di Noi con Salvini, ben affermato sul panorama politico nazionale,\u00a0e che ora, sta muovendo i suoi primi passi sul territorio pontino&#8221;.<br \/>\nE&#8217; bastato un confronto con il coordinatore provinciale Angelo Conte, per decidere che &#8220;sicuramente &#8211; dice Bianchi &#8211; \u00a0il movimento Noi per\u00a0Salvini rappresenta, ad oggi, la vera novit\u00e0 del panorama politico locale e non solo.\u00a0Con Conte abbiamo trovato ampi spazi di convergenza, su i temi affrontati, condividendo la\u00a0volont\u00e0 di intraprendere un percorso per creare, insieme anche ad altre forze di natura civica,\u00a0l\u2019ossatura necessaria a sostenere la rinascita del centro-destra di Latina&#8221;.<br \/>\nIl passaggio \u00e8 fatto: &#8220;La mia volont\u00e0 in questo momento \u00e8 quella di essere uno degli uomini, di buona volont\u00e0, impegnati\u00a0a costruire i presupposti per creare la piattaforma politica necessaria a dare risposte certe ai\u00a0cittadini di Latina&#8221;. Per Bianchi il posto sarebbe quello di coordinatore del Movimento.<\/p>\n<div class=\"radio-posizionamento-telefono-in-articoli-dopo-il-contenuto-articolo radio-entity-placement\" id=\"radio-1756004924\"><div id=\"radio-3684846360\"><a href=\"https:\/\/grupporedi.it\/\" aria-label=\"Redi-Qr\"><img loading=\"lazy\" decoding=\"async\" src=\"https:\/\/www.radioluna.it\/news\/wp-content\/uploads\/2026\/03\/Redi-Qr.jpg\" alt=\"\"  srcset=\"https:\/\/www.radioluna.it\/news\/wp-content\/uploads\/2026\/03\/Redi-Qr.jpg 800w, https:\/\/www.radioluna.it\/news\/wp-content\/uploads\/2026\/03\/Redi-Qr-768x639.jpg 768w\" sizes=\"(max-width: 800px) 100vw, 800px\" width=\"300\" height=\"250\"   \/><\/a><\/div><\/div>","protected":false},"excerpt":{"rendered":"<p>LATINA &#8211; Addio definitivo a Forza Italia, il futuro politico di Vincenzo Bianchi \u00e8 con Salvini. L&#8217;ex parlamentare, dopo un periodo di &#8220;freddo&#8221; con gli azzurri seguito alla caduta del sindaco di Latina, sembra proprio deciso a salutare i vecchi compagni per i neoleghisti. Riferendosi\u00a0\u00a0alle indiscrezioni apparse sulla stampa sulle sue nuove simpatie leghiste, Bianchi [&hellip;]<\/p>\n","protected":false},"author":60,"featured_media":165636,"comment_status":"open","ping_status":"closed","sticky":false,"template":"","format":"standard","meta":{"footnotes":""},"categories":[8],"tags":[],"class_list":["post-170015","post","type-post","status-publish","format-standard","has-post-thumbnail","hentry","category-politica"],"_links":{"self":[{"href":"https:\/\/www.radioluna.it\/news\/wp-json\/wp\/v2\/posts\/170015","targetHints":{"allow":["GET"]}}],"collection":[{"href":"https:\/\/www.radioluna.it\/news\/wp-json\/wp\/v2\/posts"}],"about":[{"href":"https:\/\/www.radioluna.it\/news\/wp-json\/wp\/v2\/types\/post"}],"author":[{"embeddable":true,"href":"https:\/\/www.radioluna.it\/news\/wp-json\/wp\/v2\/users\/60"}],"replies":[{"embeddable":true,"href":"https:\/\/www.radioluna.it\/news\/wp-json\/wp\/v2\/comments?post=170015"}],"version-history":[{"count":0,"href":"https:\/\/www.radioluna.it\/news\/wp-json\/wp\/v2\/posts\/170015\/revisions"}],"wp:featuredmedia":[{"embeddable":true,"href":"https:\/\/www.radioluna.it\/news\/wp-json\/wp\/v2\/media\/165636"}],"wp:attachment":[{"href":"https:\/\/www.radioluna.it\/news\/wp-json\/wp\/v2\/media?parent=170015"}],"wp:term":[{"taxonomy":"category","embeddable":true,"href":"https:\/\/www.radioluna.it\/news\/wp-json\/wp\/v2\/categories?post=170015"},{"taxonomy":"post_tag","embeddable":true,"href":"https:\/\/www.radioluna.it\/news\/wp-json\/wp\/v2\/tags?post=170015"}],"curies":[{"name":"wp","href":"https:\/\/api.w.org\/{rel}","templated":true}]}}