{"id":170022,"date":"2015-10-27T20:15:14","date_gmt":"2015-10-27T19:15:14","guid":{"rendered":"http:\/\/www.radioluna.it\/news\/?p=170022"},"modified":"2015-10-27T20:15:50","modified_gmt":"2015-10-27T19:15:50","slug":"momento-congiunturale-positivo-piu-occupazione-e-investimenti","status":"publish","type":"post","link":"https:\/\/www.radioluna.it\/news\/2015\/10\/momento-congiunturale-positivo-piu-occupazione-e-investimenti\/","title":{"rendered":"Momento congiunturale positivo, pi\u00f9 occupazione e investimenti"},"content":{"rendered":"<div id=\"fb-root\"><\/div>\n<p style=\"text-align: justify;\"><strong><a href=\"http:\/\/www.radioluna.it\/news\/wp-content\/uploads\/2015\/10\/mot-2.jpg\"><img loading=\"lazy\" decoding=\"async\" class=\"aligncenter size-thumbnail wp-image-170024\" src=\"http:\/\/www.radioluna.it\/news\/wp-content\/uploads\/2015\/10\/mot-2-635x476.jpg\" alt=\"mot 2\" width=\"635\" height=\"476\" srcset=\"https:\/\/www.radioluna.it\/news\/wp-content\/uploads\/2015\/10\/mot-2-635x476.jpg 635w, https:\/\/www.radioluna.it\/news\/wp-content\/uploads\/2015\/10\/mot-2-768x576.jpg 768w, https:\/\/www.radioluna.it\/news\/wp-content\/uploads\/2015\/10\/mot-2-500x375.jpg 500w, https:\/\/www.radioluna.it\/news\/wp-content\/uploads\/2015\/10\/mot-2-300x225.jpg 300w, https:\/\/www.radioluna.it\/news\/wp-content\/uploads\/2015\/10\/mot-2-1024x768.jpg 1024w, https:\/\/www.radioluna.it\/news\/wp-content\/uploads\/2015\/10\/mot-2-800x600.jpg 800w, https:\/\/www.radioluna.it\/news\/wp-content\/uploads\/2015\/10\/mot-2.jpg 1000w\" sizes=\"auto, (max-width: 635px) 100vw, 635px\" \/><\/a>LATINA<\/strong> &#8211; Economia: siamo in un momento congiunturale positivo. E&#8217; quanto emerge dall&#8217;analisi dei dati dell&#8217;ultimo semestre di Federlazio. Tra tutti la crescita di contratti a tempo indeterminato. &#8220;Guardando agli Ordinativi, al Fatturato e alla Produzione emerge, un segnale di ripresa &#8211; spiega Motolese, direttore Federlazio Latina &#8211; anche se si tratta ancora di dati negativi che per\u00f2, se paragonati a quelli di sei mesi fa, sono tutti in crescita, volti al raggiungimento della positivit\u00e0. Non si arretra pi\u00f9, ma inizia invece una risalita, che si fa ancora pi\u00f9 marcata con i dai dati sulle previsioni riferite al II semestre 2015 dove emerge una forte crescita su tutti i mercati: interno, europeo e extra UE.\u00a0Il dato sicuramente pi\u00f9 rilevante e incoraggiante \u00e8 la ripresa del mercato interno dopo anni in cui abbiamo registrato una negativit\u00e0 costante, ma in generale i dati confermano la voglia degli imprenditori di tornare a credere, di tornare ad investire&#8221;.<\/p>\n<p style=\"text-align: justify;\"><strong>ASCOLTA Saverio Motolese, <\/strong>direttore di Federlazio:<\/p>\n<audio class=\"wp-audio-shortcode\" id=\"audio-170022-1\" preload=\"none\" style=\"width: 100%;\" controls=\"controls\"><source type=\"audio\/mpeg\" src=\"http:\/\/www.radioluna.it\/news\/wp-content\/uploads\/2015\/10\/motolese.mp3?_=1\" \/><a href=\"http:\/\/www.radioluna.it\/news\/wp-content\/uploads\/2015\/10\/motolese.mp3\">http:\/\/www.radioluna.it\/news\/wp-content\/uploads\/2015\/10\/motolese.mp3<\/a><\/audio>\n<p style=\"text-align: justify;\"><strong>Fatturato<\/strong>. Il dato da evidenziare \u00e8 che si passa da un \u00a0-30% del Fatturato Italia ad un -6%. Anche qui si evidenzia un piccolo crollo del mercato europeo e una crescita di quello extra UE. Anche per il Fatturato le previsioni dei nostri imprenditori prevedono una crescita per tutti i settori.<br \/>\n<strong>Produzione<\/strong>. Si passa da un -22% al -13% con un +15% per quanto riguarda le previsioni per il prossimo semestre.<br \/>\n<strong>Investimenti<\/strong>. La percentuale delle aziende che afferma di avere investito rimane invariata, ma aumenta invece il numero delle imprese che prevede di investire nei prossimi mesi.<\/p>\n<p style=\"text-align: justify;\"><strong>Occupazione<\/strong>: Qui le nostre aziende campione fanno passare il dato dal -6% registrato nel I semestre 2014, al -7% del II semestre 2014, fino ad uno 0 del I semestre 2015 con una previsione pari al +3% per i prossimi sei mesi.<br \/>\n&#8220;Questo cosa vuole dire? Significa \u00a0&#8211; spiega Motolese &#8211; che una bona percentuale di imprese (il 19,1% in crescita rispetto al precedente 10,4%) intervistate ha aumentato il numero dei lavoratori dipendenti. Per quanto riguarda in particolare la tipologia di contratti utilizzati nelle nuove assunzioni si passa da un 33,3% di utilizzo del tempo indeterminato (nel II semestre 2014) ad un +54,5% nei I semestre 2015. Quindi il contratto a tempo indeterminato ridiventa il contratto pi\u00f9 utilizzato nelle aziende.Diminuisce invece l\u2019utilizzo del contratto a tempo determinato che scende dal 58,3% al 31,8%&#8221;.<\/p>\n<p style=\"text-align: justify;\"><strong>Ammortizzatori Sociali<\/strong>.\u00a0La Cassa integrazione Guadagni in termini di utilizzo complessivo da parte delle imprese analizzate passa dal 22,4% al 20%; Diminuisce considerevolmente l\u2019utilizzo della Cassa integrazione Straordinaria che crolla dal 11,5 al 4,3%. Le aziende dopo aver fatto ricorso a tutte le possibili tipologie di ammortizzatori sociali per fronteggiare la crisi, ora decidono di ripartire e di rivedere i processi organizzativi delle aziende.<\/p>\n<p style=\"text-align: justify;\">&#8220;Quelli analizzati fin qui sono dunque tutti dati oggettivi e certificati ma soprattutto ci sono stati forniti direttamente dalle imprese e quindi calati nella realt\u00e0 &#8211; afferma Motolese &#8211; \u00a0Risaltano in particolare quelli sull\u2019occupazione che ci danno lo spunto per aprire un confronto sul tema \u201cLavoro\u201d e sull\u2019ultima riforma varata dal governo Renzi.\u00a0La riforma del Jobs Act attraverso la decontribuzione per le nuove assunzioni \u00e8 intervenuta sul cuneo fiscale. E ha contribuito a semplificare l\u2019organizzazione del lavoro inducendo molti datori di lavoro a trasformare contratti parasubordinati e a termine nella forma del tempo indeterminato, regolarizzando anche alcune situazioni un po\u2019 a limite.\u00a0Guardando in particolare alla maggiora flessibilit\u00e0 e alla riduzione del costo del lavoro, come molti nostri imprenditori hanno affermato, con il Jobs Act assumere oggi conviene. Molti imprenditori sono incoraggiati dalla riforma perch\u00e9 mette nella condizione di gestire con maggiora tranquillit\u00e0 e minori costi eventuali ritorni di crisi&#8221;.<\/p>\n<div class=\"radio-posizionamento-telefono-in-articoli-dopo-il-contenuto-articolo radio-entity-placement\" id=\"radio-506337411\"><div id=\"radio-939073760\"><a href=\"https:\/\/grupporedi.it\/\" aria-label=\"Redi-Qr\"><img loading=\"lazy\" decoding=\"async\" src=\"https:\/\/www.radioluna.it\/news\/wp-content\/uploads\/2026\/03\/Redi-Qr.jpg\" alt=\"\"  srcset=\"https:\/\/www.radioluna.it\/news\/wp-content\/uploads\/2026\/03\/Redi-Qr.jpg 800w, https:\/\/www.radioluna.it\/news\/wp-content\/uploads\/2026\/03\/Redi-Qr-768x639.jpg 768w\" sizes=\"(max-width: 800px) 100vw, 800px\" width=\"300\" height=\"250\"   \/><\/a><\/div><\/div>","protected":false},"excerpt":{"rendered":"<p>LATINA &#8211; Economia: siamo in un momento congiunturale positivo. E&#8217; quanto emerge dall&#8217;analisi dei dati dell&#8217;ultimo semestre di Federlazio. Tra tutti la crescita di contratti a tempo indeterminato. &#8220;Guardando agli Ordinativi, al Fatturato e alla Produzione emerge, un segnale di ripresa &#8211; spiega Motolese, direttore Federlazio Latina &#8211; anche se si tratta ancora di dati [&hellip;]<\/p>\n","protected":false},"author":60,"featured_media":170025,"comment_status":"open","ping_status":"closed","sticky":false,"template":"","format":"standard","meta":{"footnotes":""},"categories":[2310,11],"tags":[],"class_list":["post-170022","post","type-post","status-publish","format-standard","has-post-thumbnail","hentry","category-audio","category-economia"],"_links":{"self":[{"href":"https:\/\/www.radioluna.it\/news\/wp-json\/wp\/v2\/posts\/170022","targetHints":{"allow":["GET"]}}],"collection":[{"href":"https:\/\/www.radioluna.it\/news\/wp-json\/wp\/v2\/posts"}],"about":[{"href":"https:\/\/www.radioluna.it\/news\/wp-json\/wp\/v2\/types\/post"}],"author":[{"embeddable":true,"href":"https:\/\/www.radioluna.it\/news\/wp-json\/wp\/v2\/users\/60"}],"replies":[{"embeddable":true,"href":"https:\/\/www.radioluna.it\/news\/wp-json\/wp\/v2\/comments?post=170022"}],"version-history":[{"count":0,"href":"https:\/\/www.radioluna.it\/news\/wp-json\/wp\/v2\/posts\/170022\/revisions"}],"wp:featuredmedia":[{"embeddable":true,"href":"https:\/\/www.radioluna.it\/news\/wp-json\/wp\/v2\/media\/170025"}],"wp:attachment":[{"href":"https:\/\/www.radioluna.it\/news\/wp-json\/wp\/v2\/media?parent=170022"}],"wp:term":[{"taxonomy":"category","embeddable":true,"href":"https:\/\/www.radioluna.it\/news\/wp-json\/wp\/v2\/categories?post=170022"},{"taxonomy":"post_tag","embeddable":true,"href":"https:\/\/www.radioluna.it\/news\/wp-json\/wp\/v2\/tags?post=170022"}],"curies":[{"name":"wp","href":"https:\/\/api.w.org\/{rel}","templated":true}]}}