{"id":170026,"date":"2015-10-27T20:25:46","date_gmt":"2015-10-27T19:25:46","guid":{"rendered":"http:\/\/www.radioluna.it\/news\/?p=170026"},"modified":"2015-10-30T07:36:48","modified_gmt":"2015-10-30T06:36:48","slug":"la-prima-guerra-mondiale-il-sacrificio-dei-giovani-sermonetani","status":"publish","type":"post","link":"https:\/\/www.radioluna.it\/news\/2015\/10\/la-prima-guerra-mondiale-il-sacrificio-dei-giovani-sermonetani\/","title":{"rendered":"La Prima Guerra Mondiale, il sacrificio dei giovani sermonetani"},"content":{"rendered":"<div id=\"fb-root\"><\/div>\n<p style=\"text-align: justify;\"><strong><a href=\"http:\/\/www.radioluna.it\/news\/wp-content\/uploads\/2015\/10\/serm.jpg\"><img loading=\"lazy\" decoding=\"async\" class=\"aligncenter size-thumbnail wp-image-170027\" src=\"http:\/\/www.radioluna.it\/news\/wp-content\/uploads\/2015\/10\/serm-635x536.jpg\" alt=\"serm\" width=\"635\" height=\"536\" srcset=\"https:\/\/www.radioluna.it\/news\/wp-content\/uploads\/2015\/10\/serm-635x536.jpg 635w, https:\/\/www.radioluna.it\/news\/wp-content\/uploads\/2015\/10\/serm-768x648.jpg 768w, https:\/\/www.radioluna.it\/news\/wp-content\/uploads\/2015\/10\/serm-500x422.jpg 500w, https:\/\/www.radioluna.it\/news\/wp-content\/uploads\/2015\/10\/serm-300x253.jpg 300w, https:\/\/www.radioluna.it\/news\/wp-content\/uploads\/2015\/10\/serm-1024x864.jpg 1024w, https:\/\/www.radioluna.it\/news\/wp-content\/uploads\/2015\/10\/serm-800x675.jpg 800w, https:\/\/www.radioluna.it\/news\/wp-content\/uploads\/2015\/10\/serm.jpg 1000w\" sizes=\"auto, (max-width: 635px) 100vw, 635px\" \/><\/a><\/strong><\/p>\n<p style=\"text-align: justify;\"><strong>SERMONETA<\/strong> &#8211;\u00a0Quale \u00e8 stato il contributo dato da Sermoneta nella Prima Guerra Mondiale? Lo racconter\u00e0 una mostra che verr\u00e0 inaugurata sabato 31 ottobre 2015 alle ore 17, presso lo storico Palazzo Caetani di Sermoneta, dal titolo &#8220;Cento anni dell&#8217;entrata in guerra nella Prima Guerra Mondiale: i sermonetani in guerra&#8221;.\u00a0L&#8217;esposizione \u00a0ad ingresso gratuito, sar\u00e0 aperta nei giorni di sabato e di domenica dalle 10 alle 13 e dalle 15 alle 19 fino al 15 novembre.<\/p>\n<p style=\"text-align: justify;\">La mostra \u00e8 stata ideata, organizzata ed allestita dall&#8217;Archeoclub di Sermoneta, con il patrocinio del Comune di Sermoneta e con la collaborazione dell&#8217;Archivio di Stato di Latina e della Pro Loco di Sermoneta, in occasione del centenario dall&#8217;entrata in guerra dell&#8217;Italia.<\/p>\n<p style=\"text-align: justify;\">La mostra ripercorre i principali momenti storici della Grande Guerra, con particolare attenzione alle piccole storie individuali dei ragazzi sermonetani che fecero la guerra, pezzi di mosaico nella grande tragedia della Prima Guerra Mondiale. La Mostra, secondo l&#8217;Archeoclub, non vuole scivolare n\u00e9 verso la retorica trionfalistica n\u00e9 verso l&#8217;antiretorica sminuente, ma vuole solo testimoniare il sacrificio di molti ragazzi che lottavano non solo contro il nemico, ma anche contro i loro superiori, contro il freddo e la fame. Sermoneta in questo modo rende omaggio a coloro che hanno combattuto per l&#8217;Italia, scoprendo che i sermonetani hanno pagato un altissimo prezzo in termini di vite umane.<\/p>\n<p style=\"text-align: justify;\">I curatori della Mostra sono stati Dante Ceccarini e Sonia Testa, rispettivamente Presidente e Segretaria dell&#8217;Archeoclub di Sermoneta, Anna Marchioni (alla quale spetta la prima idea di allestire la mostra, partendo dai racconti del nonno sulla guerra) e Mauro Mariotti, con la collaborazione di tutti i soci dell&#8217;Archeoclub di Sermoneta. Sono stati reperiti i fogli matricolari dei sermonetani morti in guerra e di quelli sopravvissuti (provenienti dall&#8217;Archivio di Stato di Latina), ricostruendo, in questo modo, la singola storia individuale, con particolari sugli atti di eroismo, sui luoghi famosi, come il Monte San Michele e gli altri luoghi del Carso, dove molti sermonetani trovarono la morte, sui luoghi di sepoltura nei vari Ossari e cimiteri del nord-est.<\/p>\n<p style=\"text-align: justify;\">La Mostra, storico e documentaria, comprende anche tutta una serie di documenti d&#8217;epoca (onorificenze, medaglie al valore, pergamene e riconoscimenti vari), lettere dal fronte sottoposte a censura militare, diari di guerra, buoni-dono per razioni di cibo per i militari, foto di sermonetani che parteciparono alla guerra e foto dei luoghi della guerra, cimeli vari (elmetti, lampade, canocchiali originali, baionette, una divisa d&#8217;epoca, ecc.), riviste originali come la Tribuna Illustrata che enfatizza l&#8217;impresa di Gelasio Caetani, ufficiale del Genio del Regio Esercito, che fece l&#8217;impresa di far saltare in aria con tonnellate di gelatina la cima del Col di Lana, popolata di soldati austro-ungarici, e tanto altro.<\/p>\n<p style=\"text-align: justify;\">\n<div class=\"radio-posizionamento-telefono-in-articoli-dopo-il-contenuto-articolo radio-entity-placement\" id=\"radio-767507657\"><div id=\"radio-453411256\"><a href=\"https:\/\/grupporedi.it\/\" aria-label=\"Redi-Qr\"><img loading=\"lazy\" decoding=\"async\" src=\"https:\/\/www.radioluna.it\/news\/wp-content\/uploads\/2026\/03\/Redi-Qr.jpg\" alt=\"\"  srcset=\"https:\/\/www.radioluna.it\/news\/wp-content\/uploads\/2026\/03\/Redi-Qr.jpg 800w, https:\/\/www.radioluna.it\/news\/wp-content\/uploads\/2026\/03\/Redi-Qr-768x639.jpg 768w\" sizes=\"(max-width: 800px) 100vw, 800px\" width=\"300\" height=\"250\"   \/><\/a><\/div><\/div>","protected":false},"excerpt":{"rendered":"<p>SERMONETA &#8211;\u00a0Quale \u00e8 stato il contributo dato da Sermoneta nella Prima Guerra Mondiale? Lo racconter\u00e0 una mostra che verr\u00e0 inaugurata sabato 31 ottobre 2015 alle ore 17, presso lo storico Palazzo Caetani di Sermoneta, dal titolo &#8220;Cento anni dell&#8217;entrata in guerra nella Prima Guerra Mondiale: i sermonetani in guerra&#8221;.\u00a0L&#8217;esposizione \u00a0ad ingresso gratuito, sar\u00e0 aperta nei [&hellip;]<\/p>\n","protected":false},"author":60,"featured_media":170027,"comment_status":"open","ping_status":"closed","sticky":false,"template":"","format":"standard","meta":{"footnotes":""},"categories":[16,15],"tags":[],"class_list":["post-170026","post","type-post","status-publish","format-standard","has-post-thumbnail","hentry","category-appuntamenti","category-cultura"],"_links":{"self":[{"href":"https:\/\/www.radioluna.it\/news\/wp-json\/wp\/v2\/posts\/170026","targetHints":{"allow":["GET"]}}],"collection":[{"href":"https:\/\/www.radioluna.it\/news\/wp-json\/wp\/v2\/posts"}],"about":[{"href":"https:\/\/www.radioluna.it\/news\/wp-json\/wp\/v2\/types\/post"}],"author":[{"embeddable":true,"href":"https:\/\/www.radioluna.it\/news\/wp-json\/wp\/v2\/users\/60"}],"replies":[{"embeddable":true,"href":"https:\/\/www.radioluna.it\/news\/wp-json\/wp\/v2\/comments?post=170026"}],"version-history":[{"count":0,"href":"https:\/\/www.radioluna.it\/news\/wp-json\/wp\/v2\/posts\/170026\/revisions"}],"wp:featuredmedia":[{"embeddable":true,"href":"https:\/\/www.radioluna.it\/news\/wp-json\/wp\/v2\/media\/170027"}],"wp:attachment":[{"href":"https:\/\/www.radioluna.it\/news\/wp-json\/wp\/v2\/media?parent=170026"}],"wp:term":[{"taxonomy":"category","embeddable":true,"href":"https:\/\/www.radioluna.it\/news\/wp-json\/wp\/v2\/categories?post=170026"},{"taxonomy":"post_tag","embeddable":true,"href":"https:\/\/www.radioluna.it\/news\/wp-json\/wp\/v2\/tags?post=170026"}],"curies":[{"name":"wp","href":"https:\/\/api.w.org\/{rel}","templated":true}]}}