{"id":170049,"date":"2015-10-28T19:32:18","date_gmt":"2015-10-28T18:32:18","guid":{"rendered":"http:\/\/www.radioluna.it\/news\/?p=170049"},"modified":"2015-10-28T19:41:45","modified_gmt":"2015-10-28T18:41:45","slug":"itri-capannone-a-fuoco-appia-bloccata-in-entrambe-le-direzioni","status":"publish","type":"post","link":"https:\/\/www.radioluna.it\/news\/2015\/10\/itri-capannone-a-fuoco-appia-bloccata-in-entrambe-le-direzioni\/","title":{"rendered":"Itri. Deposito di fusti di gasolio e attrezzi a fuoco, seri danni a una palazzina"},"content":{"rendered":"<div id=\"fb-root\"><\/div>\n<p style=\"text-align: justify;\"><strong><a href=\"http:\/\/www.radioluna.it\/news\/wp-content\/uploads\/2015\/10\/INCENDIO-A-iTRI.jpg\"><img loading=\"lazy\" decoding=\"async\" class=\"aligncenter size-thumbnail wp-image-170052\" src=\"http:\/\/www.radioluna.it\/news\/wp-content\/uploads\/2015\/10\/INCENDIO-A-iTRI-635x476.jpg\" alt=\"INCENDIO A iTRI\" width=\"635\" height=\"476\" srcset=\"https:\/\/www.radioluna.it\/news\/wp-content\/uploads\/2015\/10\/INCENDIO-A-iTRI-635x476.jpg 635w, https:\/\/www.radioluna.it\/news\/wp-content\/uploads\/2015\/10\/INCENDIO-A-iTRI-768x576.jpg 768w, https:\/\/www.radioluna.it\/news\/wp-content\/uploads\/2015\/10\/INCENDIO-A-iTRI-500x375.jpg 500w, https:\/\/www.radioluna.it\/news\/wp-content\/uploads\/2015\/10\/INCENDIO-A-iTRI-300x225.jpg 300w, https:\/\/www.radioluna.it\/news\/wp-content\/uploads\/2015\/10\/INCENDIO-A-iTRI-1024x768.jpg 1024w, https:\/\/www.radioluna.it\/news\/wp-content\/uploads\/2015\/10\/INCENDIO-A-iTRI-800x600.jpg 800w, https:\/\/www.radioluna.it\/news\/wp-content\/uploads\/2015\/10\/INCENDIO-A-iTRI.jpg 1000w\" sizes=\"auto, (max-width: 635px) 100vw, 635px\" \/><\/a>ITRI<\/strong>\u00a0&#8211; Paura per un incendio divampato nella mattinata in un capannone per attrezzi edili in\u00a0Via Italo Balbo a Itri. Le fiamme si sono levate alte nel locale, in una zona abitata, tra palazzine e attivit\u00e0 commerciali.\u00a0Sul posto la Squadra 9A dei vigili del fuoco del Distaccamento di Castelforte.<\/p>\n<p style=\"text-align: justify;\">L&#8217;incendio ha distrutto completamente il deposito di materiale edile, condizionatori, fusti di gasolio ed altro materiale plastico e di risulta.\u00a0L&#8217;incendio ha interessato anche una struttura in legno e ferro con copertura di lamiere in ferro.\u00a0Le fiamme hanno anche coinvolto le palazzine che si trovano ai due lati del capannone,\u00a0di cui una in\u00a0ristrutturazione e l&#8217;altra abitata.\u00a0La prima palazzina ha riportato l&#8217;annerimento del muro esterno\u00a0che si affaccia verso il capannone, l&#8217;altra ha riportato danni notevoli a 3 appartamenti, ma non vi sono stati pericoli o\u00a0danni fisici ai residenti.<\/p>\n<div>Anche un bar ha\u00a0subito l&#8217;annerimento delle pareti e danni all&#8217;impianto elettrico del locale.\u00a0L&#8217; intervento si \u00e8 concluso alle\u00a0ore 13.00 circa di oggi con la messa in sicurezza delle due palazzine e del locale bar. Presenti sul luogo anche i carabinieri e i tecnici dell&#8217;Italgas e dell&#8217;Enel.<\/div>\n<p style=\"text-align: justify;\">Problemi anche alla viabilit\u00e0. L&#8217;\u00a0Anas \u00a0in una nota comunica che : &#8220;La strada statale 7 Appia \u00e8 provvisoriamente chiusa in entrambe le direzioni nel comune di Itri \u00a0al km 132,300, a causa di un incendio che ha interessando un edificio. Il traffico \u00e8 deviato sulla viabilit\u00e0 secondaria per garantire la sicurezza e per consentire l&#8217;intervento dei vigili del fuoco. Sul posto \u00e8 intervenuto il personale Anas al fine di ripristinare la circolazione appena possibile&#8221;.<\/p>\n<div class=\"radio-posizionamento-telefono-in-articoli-dopo-il-contenuto-articolo radio-entity-placement\" id=\"radio-3095503176\"><div id=\"radio-4268413363\"><a href=\"https:\/\/grupporedi.it\/\" aria-label=\"Redi-Qr\"><img loading=\"lazy\" decoding=\"async\" src=\"https:\/\/www.radioluna.it\/news\/wp-content\/uploads\/2026\/03\/Redi-Qr.jpg\" alt=\"\"  srcset=\"https:\/\/www.radioluna.it\/news\/wp-content\/uploads\/2026\/03\/Redi-Qr.jpg 800w, https:\/\/www.radioluna.it\/news\/wp-content\/uploads\/2026\/03\/Redi-Qr-768x639.jpg 768w\" sizes=\"(max-width: 800px) 100vw, 800px\" width=\"300\" height=\"250\"   \/><\/a><\/div><\/div>","protected":false},"excerpt":{"rendered":"<p>ITRI\u00a0&#8211; Paura per un incendio divampato nella mattinata in un capannone per attrezzi edili in\u00a0Via Italo Balbo a Itri. Le fiamme si sono levate alte nel locale, in una zona abitata, tra palazzine e attivit\u00e0 commerciali.\u00a0Sul posto la Squadra 9A dei vigili del fuoco del Distaccamento di Castelforte. L&#8217;incendio ha distrutto completamente il deposito di [&hellip;]<\/p>\n","protected":false},"author":60,"featured_media":170052,"comment_status":"open","ping_status":"closed","sticky":false,"template":"","format":"standard","meta":{"footnotes":""},"categories":[7],"tags":[],"class_list":["post-170049","post","type-post","status-publish","format-standard","has-post-thumbnail","hentry","category-cronaca"],"_links":{"self":[{"href":"https:\/\/www.radioluna.it\/news\/wp-json\/wp\/v2\/posts\/170049","targetHints":{"allow":["GET"]}}],"collection":[{"href":"https:\/\/www.radioluna.it\/news\/wp-json\/wp\/v2\/posts"}],"about":[{"href":"https:\/\/www.radioluna.it\/news\/wp-json\/wp\/v2\/types\/post"}],"author":[{"embeddable":true,"href":"https:\/\/www.radioluna.it\/news\/wp-json\/wp\/v2\/users\/60"}],"replies":[{"embeddable":true,"href":"https:\/\/www.radioluna.it\/news\/wp-json\/wp\/v2\/comments?post=170049"}],"version-history":[{"count":0,"href":"https:\/\/www.radioluna.it\/news\/wp-json\/wp\/v2\/posts\/170049\/revisions"}],"wp:featuredmedia":[{"embeddable":true,"href":"https:\/\/www.radioluna.it\/news\/wp-json\/wp\/v2\/media\/170052"}],"wp:attachment":[{"href":"https:\/\/www.radioluna.it\/news\/wp-json\/wp\/v2\/media?parent=170049"}],"wp:term":[{"taxonomy":"category","embeddable":true,"href":"https:\/\/www.radioluna.it\/news\/wp-json\/wp\/v2\/categories?post=170049"},{"taxonomy":"post_tag","embeddable":true,"href":"https:\/\/www.radioluna.it\/news\/wp-json\/wp\/v2\/tags?post=170049"}],"curies":[{"name":"wp","href":"https:\/\/api.w.org\/{rel}","templated":true}]}}