{"id":170100,"date":"2015-10-29T13:58:14","date_gmt":"2015-10-29T12:58:14","guid":{"rendered":"http:\/\/www.radioluna.it\/news\/?p=170100"},"modified":"2015-10-29T13:58:14","modified_gmt":"2015-10-29T12:58:14","slug":"lomicidio-stradale-e-quasi-legge-il-contributo-di-moscardelli","status":"publish","type":"post","link":"https:\/\/www.radioluna.it\/news\/2015\/10\/lomicidio-stradale-e-quasi-legge-il-contributo-di-moscardelli\/","title":{"rendered":"L&#8217;Omicidio stradale \u00e8 quasi legge, il contributo di Moscardelli"},"content":{"rendered":"<div id=\"fb-root\"><\/div>\n<div id=\"attachment_147509\" style=\"width: 645px\" class=\"wp-caption aligncenter\"><a href=\"http:\/\/www.radioluna.it\/news\/wp-content\/uploads\/2014\/03\/moscardelli.jpg\"><img loading=\"lazy\" decoding=\"async\" aria-describedby=\"caption-attachment-147509\" class=\"size-thumbnail wp-image-147509\" src=\"http:\/\/www.radioluna.it\/news\/wp-content\/uploads\/2014\/03\/moscardelli-635x419.jpg\" alt=\"Il Senatore Claudio Moscardelli\" width=\"635\" height=\"419\" srcset=\"https:\/\/www.radioluna.it\/news\/wp-content\/uploads\/2014\/03\/moscardelli-635x419.jpg 635w, https:\/\/www.radioluna.it\/news\/wp-content\/uploads\/2014\/03\/moscardelli-768x507.jpg 768w, https:\/\/www.radioluna.it\/news\/wp-content\/uploads\/2014\/03\/moscardelli-500x330.jpg 500w, https:\/\/www.radioluna.it\/news\/wp-content\/uploads\/2014\/03\/moscardelli-300x198.jpg 300w, https:\/\/www.radioluna.it\/news\/wp-content\/uploads\/2014\/03\/moscardelli-800x528.jpg 800w, https:\/\/www.radioluna.it\/news\/wp-content\/uploads\/2014\/03\/moscardelli.jpg 960w\" sizes=\"auto, (max-width: 635px) 100vw, 635px\" \/><\/a><p id=\"caption-attachment-147509\" class=\"wp-caption-text\">Il Senatore Claudio Moscardelli<\/p><\/div>\n<p style=\"text-align: justify;\"><strong>LATINA<\/strong> &#8211; \u00a0L&#8217; Aula della Camera ha votato s\u00ec al disegno di legge che introduce il reato di omicidio stradale. Un tema su cui l&#8217;opinione pubblica, di fronte a drammatici incidenti stradali sempre pi\u00f9 spesso causati dal&#8217;abuso di alcol e droghe da parte di chi guida, da tempo chiedeva che il legislatore si pronunciasse. Ora\u00a0si torna in Senato, ma la meta appare vicina. &#8220;Esprimo grande apprezzamento per il lavoro svolto fino a qui, perch\u00e9 rappresenta un grande passo in avanti, sulla strada per giungere ad una buona legge e per aver contribuito con un disegno di legge di cui sono primo firmatario che e&#8217;stato riunito con le altre proposte di legge&#8221;, \u00e8 il commento del senatore del Pd Claudio Moscardelli che illustra in sintesi, alcune delle principali novit\u00e0 contenute nel testo.<br \/>\nOMICIDIO STRADALE:<br \/>\nL\u2019omicidio stradale colposo diventa finalmente un reato specifico basato su tre varianti: confermata la pena attuale (da 2 a 7 anni) per l&#8217;ipotesi base, morte causata violando il codice della strada.<br \/>\nLa sanzione penale aumenta in altri casi: per chi uccide una persona guidando in stato di ebbrezza grave, con un tasso alcolemico oltre 1,5 grammi per litro, o sotto effetto di droghe rischia ora da 8 a 12 anni di carcere.<br \/>\nPunito con la reclusione da 5 a 10 anni l\u2019omicida il cui tasso alcolemico superi 0,8 g\/l oppure abbia causato l\u2019incidente per condotte di particolare pericolosit\u00e0 (eccesso di velocit\u00e0, guida contromano, infrazioni ai semafori, sorpassi e inversioni ad U)<br \/>\nFUGA CONDUCENTE: Se il conducente fugge dopo l\u2019incidente scatta l\u2019aumento di pena da un terzo a due terzi, e la pena non potr\u00e0 comunque essere inferiore a 5 anni per l\u2019omicidio e a 3 anni per le lesioni. Altre aggravanti sono previste se vi \u00e8 la morte o lesioni di pi\u00f9 persone oppure se si \u00e8 alla guida senza patente o senza assicurazione.<br \/>\nREVOCA PATENTE: In caso di condanna o patteggiamento (anche con la condizionale) per omicidio o lesioni stradali viene automaticamente revocata la patente. Una nuova patente sar\u00e0 conseguibile solo dopo 15 (omicidio) o 5 anni (lesioni). Tale termine \u00e8 per\u00f2 aumentato nelle ipotesi pi\u00f9 gravi: se ad esempio il conducente \u00e8 fuggito dopo l\u2019omicidio stradale, dovranno trascorrere almeno 30 anni dalla revoca. (AGI)<br \/>\nRADDOPPIO PRESCRIZIONE: Per il nuovo reato di omicidio stradale sono previsti il raddoppio dei termini di prescrizione e l\u2019arresto obbligatorio in flagranza nel caso pi\u00f9 grave (bevuta `pesante\u00b4 e droga).<\/p>\n<p>&nbsp;<\/p>\n<div class=\"radio-posizionamento-telefono-in-articoli-dopo-il-contenuto-articolo radio-entity-placement\" id=\"radio-1554299891\"><div id=\"radio-864496815\"><a href=\"https:\/\/grupporedi.it\/\" aria-label=\"Redi-Qr\"><img loading=\"lazy\" decoding=\"async\" src=\"https:\/\/www.radioluna.it\/news\/wp-content\/uploads\/2026\/03\/Redi-Qr.jpg\" alt=\"\"  srcset=\"https:\/\/www.radioluna.it\/news\/wp-content\/uploads\/2026\/03\/Redi-Qr.jpg 800w, https:\/\/www.radioluna.it\/news\/wp-content\/uploads\/2026\/03\/Redi-Qr-768x639.jpg 768w\" sizes=\"(max-width: 800px) 100vw, 800px\" width=\"300\" height=\"250\"   \/><\/a><\/div><\/div>","protected":false},"excerpt":{"rendered":"<p>LATINA &#8211; \u00a0L&#8217; Aula della Camera ha votato s\u00ec al disegno di legge che introduce il reato di omicidio stradale. Un tema su cui l&#8217;opinione pubblica, di fronte a drammatici incidenti stradali sempre pi\u00f9 spesso causati dal&#8217;abuso di alcol e droghe da parte di chi guida, da tempo chiedeva che il legislatore si pronunciasse. Ora\u00a0si [&hellip;]<\/p>\n","protected":false},"author":62,"featured_media":147509,"comment_status":"open","ping_status":"closed","sticky":false,"template":"","format":"standard","meta":{"footnotes":""},"categories":[8],"tags":[],"class_list":["post-170100","post","type-post","status-publish","format-standard","has-post-thumbnail","hentry","category-politica"],"_links":{"self":[{"href":"https:\/\/www.radioluna.it\/news\/wp-json\/wp\/v2\/posts\/170100","targetHints":{"allow":["GET"]}}],"collection":[{"href":"https:\/\/www.radioluna.it\/news\/wp-json\/wp\/v2\/posts"}],"about":[{"href":"https:\/\/www.radioluna.it\/news\/wp-json\/wp\/v2\/types\/post"}],"author":[{"embeddable":true,"href":"https:\/\/www.radioluna.it\/news\/wp-json\/wp\/v2\/users\/62"}],"replies":[{"embeddable":true,"href":"https:\/\/www.radioluna.it\/news\/wp-json\/wp\/v2\/comments?post=170100"}],"version-history":[{"count":0,"href":"https:\/\/www.radioluna.it\/news\/wp-json\/wp\/v2\/posts\/170100\/revisions"}],"wp:featuredmedia":[{"embeddable":true,"href":"https:\/\/www.radioluna.it\/news\/wp-json\/wp\/v2\/media\/147509"}],"wp:attachment":[{"href":"https:\/\/www.radioluna.it\/news\/wp-json\/wp\/v2\/media?parent=170100"}],"wp:term":[{"taxonomy":"category","embeddable":true,"href":"https:\/\/www.radioluna.it\/news\/wp-json\/wp\/v2\/categories?post=170100"},{"taxonomy":"post_tag","embeddable":true,"href":"https:\/\/www.radioluna.it\/news\/wp-json\/wp\/v2\/tags?post=170100"}],"curies":[{"name":"wp","href":"https:\/\/api.w.org\/{rel}","templated":true}]}}