{"id":170241,"date":"2015-11-03T06:12:17","date_gmt":"2015-11-03T05:12:17","guid":{"rendered":"http:\/\/www.radioluna.it\/news\/?p=170241"},"modified":"2015-11-03T17:09:16","modified_gmt":"2015-11-03T16:09:16","slug":"flash-calcio-il-latina-esonera-iuliano","status":"publish","type":"post","link":"https:\/\/www.radioluna.it\/news\/2015\/11\/flash-calcio-il-latina-esonera-iuliano\/","title":{"rendered":"Calcio, Mario Somma \u00e8 il nuovo tecnico del Latina"},"content":{"rendered":"<div id=\"fb-root\"><\/div>\n<p><a href=\"http:\/\/www.radioluna.it\/news\/wp-content\/uploads\/2015\/11\/somma-820x410.jpg\"><img loading=\"lazy\" decoding=\"async\" class=\"aligncenter size-thumbnail wp-image-170250\" src=\"http:\/\/www.radioluna.it\/news\/wp-content\/uploads\/2015\/11\/somma-820x410-635x318.jpg\" alt=\"somma-820x410\" width=\"635\" height=\"318\" srcset=\"https:\/\/www.radioluna.it\/news\/wp-content\/uploads\/2015\/11\/somma-820x410-635x318.jpg 635w, https:\/\/www.radioluna.it\/news\/wp-content\/uploads\/2015\/11\/somma-820x410-768x384.jpg 768w, https:\/\/www.radioluna.it\/news\/wp-content\/uploads\/2015\/11\/somma-820x410-500x250.jpg 500w, https:\/\/www.radioluna.it\/news\/wp-content\/uploads\/2015\/11\/somma-820x410-300x150.jpg 300w, https:\/\/www.radioluna.it\/news\/wp-content\/uploads\/2015\/11\/somma-820x410-800x400.jpg 800w, https:\/\/www.radioluna.it\/news\/wp-content\/uploads\/2015\/11\/somma-820x410.jpg 820w\" sizes=\"auto, (max-width: 635px) 100vw, 635px\" \/><\/a><\/p>\n<p style=\"text-align: justify;\"><strong>LATINA<\/strong> &#8211; Mario Somma \u00e8 il nuovo allenatore del Latina, prende il posto di Mark Iuliano \u00a0esonerato dalla guida tecnica dopo la sconfitta a Brescia, la quarta stagionale. Per Mario Somma \u00e8 un sogno che si realizza e che sembrava sempre ad un passo. La giornata di oggi \u00e8 stata lunghissima per il Latina: la squadra reduce dalla sconfitta di Brescia si \u00e8 riunita alla ex Fulgorcavi per la ripresa degli allenamenti in vista della partita con il Cesena ma Iuliano non ha guidato la seduta perch\u00e8 poco prima era stato esonerato. Subito dopo la societ\u00e0 ha comunicato il nome del suo successore: Mario Somma che in diverse occasioni \u00e8 stato vicinissimo a sedersi sulla panchina nerazzurra.\u00a0Due anni fa dopo l&#8217;esonero di Auteri e poi anche dopo quello di Beretta. Per Mario Somma, 53 anni compiuti a settembre e una lunga carriera, questa \u00e8 una sfida stimolante, unica dove non mancano le motivazioni come fa sapere in una intervista al sito dell&#8217;Us Latina Calcio.\u00a0&lt;Dire che inizio con grande entusiasmo \u00e8 riduttivo. Quando ho intrapreso la carriera da allenatore avevo due grandi ambizioni: guidare la Salernitana, per il mio trascorso da giocatore e naturalmente il Latina, la squadra della mia citt\u00e0&gt;<\/p>\n<p style=\"text-align: justify;\"><strong>UN TEMPO PER TUTTO<\/strong> &lt;Innanzitutto sono convinto che questo sia il momento giusto per fare l&#8217;allenatore del Latina, \u00e8 un momento in cui ho raggiunto la maturit\u00e0 necessaria per vivere questa esperienza nel modo ideale: intendo dire che l\u2019esperienza accumulata mi \u00e8 servita per poter guidare adesso, il Latina. Anche in passato c\u2019erano state situazioni che mi avevano portato vicino ad allenare nella mia citt\u00e0, nessuna di quelle, per\u00f2, era quella giusta. Ora, invece, \u00e8 diverso; posso vivere questa esperienza con la forza necessaria. Da ragazzo facevo il raccattapalle al Francioni, ho pianto in tribuna quando il Latina ha vinto i playoff contro il Pisa e conquistato la serie B: allenare la squadra nerazzurra rappresenta il massimo. Ora ho et\u00e0 ed esperienza giuste per essere profeta in patria.\u00a0Promesse nel calcio non vanno fatte, o meglio non vanno promessi traguardi ed obiettivi&gt;.<\/p>\n<p><strong>LE GARANZIE E UN PENSIERO A IULIANO<\/strong> &lt;Quello che posso garantire \u00e8 un Latina che scender\u00e0 in campo per onorare questi colori, l\u2019attaccamento alla maglia, il massimo impegno, lavoro, tanto lavoro.\u00a0Sicuramente un\u2019ottima squadra, in crisi di risultati ma non di prestazioni ed impegno. Consentitemi di spendere qualche parola per Mark Iuliano, al di l\u00e0 del lavoro a lui mi lega una forte amicizia che risale ai tempi della Salernitana: io ero un giocatore gi\u00e0 formato, lui un giovane che prometteva molto bene. La vita dell\u2019allenatore \u00e8 particolare: sono sicuro che far\u00e0 una grande carriera&gt;.<\/p>\n<p><strong>I MODULI<\/strong> &lt;Forse far\u00f2 la difesa a quattro, sul resto lavoreremo in questi giorni. In rosa ci sono parecchi giocatori che conosco, tra loro ricordo con particolare affetto Calderoni, che ho fatto esordire in prima squadra.\u00a0Sicuramente, ma non mi spaventa. Mi stimola. Ci tengo a ringraziare la societ\u00e0 per avermi affidato questo\u00a0incarico: per me si tratta di una grandissima opportunit\u00e0. Mi dispiace non trovare il pi\u00f9 grande tifoso del Latina, Ugo Masullo: lui sarebbe stato felice per me&gt;.<\/p>\n<div class=\"radio-posizionamento-telefono-in-articoli-dopo-il-contenuto-articolo radio-entity-placement\" id=\"radio-2458320233\"><div id=\"radio-2095358903\"><a href=\"https:\/\/www.simeoneceramiche.com\/\" aria-label=\"SIMEONE CERAMICHE GIF animata per radioluna_Tavola disegno 1 copia 2 (online-video-cutter.com)\"><img loading=\"lazy\" decoding=\"async\" src=\"https:\/\/www.radioluna.it\/news\/wp-content\/uploads\/2025\/05\/SIMEONE-CERAMICHE-GIF-animata-per-radioluna_Tavola-disegno-1-copia-2-online-video-cutter.com_.gif\" alt=\"\"  width=\"300\" height=\"250\"   \/><\/a><\/div><\/div>","protected":false},"excerpt":{"rendered":"<p>LATINA &#8211; Mario Somma \u00e8 il nuovo allenatore del Latina, prende il posto di Mark Iuliano \u00a0esonerato dalla guida tecnica dopo la sconfitta a Brescia, la quarta stagionale. Per Mario Somma \u00e8 un sogno che si realizza e che sembrava sempre ad un passo. La giornata di oggi \u00e8 stata lunghissima per il Latina: la [&hellip;]<\/p>\n","protected":false},"author":60,"featured_media":170250,"comment_status":"open","ping_status":"closed","sticky":false,"template":"","format":"standard","meta":{"footnotes":""},"categories":[17],"tags":[],"class_list":["post-170241","post","type-post","status-publish","format-standard","has-post-thumbnail","hentry","category-sport"],"_links":{"self":[{"href":"https:\/\/www.radioluna.it\/news\/wp-json\/wp\/v2\/posts\/170241","targetHints":{"allow":["GET"]}}],"collection":[{"href":"https:\/\/www.radioluna.it\/news\/wp-json\/wp\/v2\/posts"}],"about":[{"href":"https:\/\/www.radioluna.it\/news\/wp-json\/wp\/v2\/types\/post"}],"author":[{"embeddable":true,"href":"https:\/\/www.radioluna.it\/news\/wp-json\/wp\/v2\/users\/60"}],"replies":[{"embeddable":true,"href":"https:\/\/www.radioluna.it\/news\/wp-json\/wp\/v2\/comments?post=170241"}],"version-history":[{"count":0,"href":"https:\/\/www.radioluna.it\/news\/wp-json\/wp\/v2\/posts\/170241\/revisions"}],"wp:featuredmedia":[{"embeddable":true,"href":"https:\/\/www.radioluna.it\/news\/wp-json\/wp\/v2\/media\/170250"}],"wp:attachment":[{"href":"https:\/\/www.radioluna.it\/news\/wp-json\/wp\/v2\/media?parent=170241"}],"wp:term":[{"taxonomy":"category","embeddable":true,"href":"https:\/\/www.radioluna.it\/news\/wp-json\/wp\/v2\/categories?post=170241"},{"taxonomy":"post_tag","embeddable":true,"href":"https:\/\/www.radioluna.it\/news\/wp-json\/wp\/v2\/tags?post=170241"}],"curies":[{"name":"wp","href":"https:\/\/api.w.org\/{rel}","templated":true}]}}