{"id":170251,"date":"2015-11-02T19:55:21","date_gmt":"2015-11-02T18:55:21","guid":{"rendered":"http:\/\/www.radioluna.it\/news\/?p=170251"},"modified":"2015-11-02T19:55:21","modified_gmt":"2015-11-02T18:55:21","slug":"progetto-europeo-newcimed-dalle-start-up-al-turismo","status":"publish","type":"post","link":"https:\/\/www.radioluna.it\/news\/2015\/11\/progetto-europeo-newcimed-dalle-start-up-al-turismo\/","title":{"rendered":"Progetto europeo NewCiMed, dalle start up al turismo"},"content":{"rendered":"<div id=\"fb-root\"><\/div>\n<p style=\"text-align: justify;\"><strong><a href=\"http:\/\/www.radioluna.it\/news\/wp-content\/uploads\/2014\/09\/comune-latina-con-palla.jpg\"><img loading=\"lazy\" decoding=\"async\" class=\" size-full wp-image-155659 alignleft\" src=\"http:\/\/www.radioluna.it\/news\/wp-content\/uploads\/2014\/09\/comune-latina-con-palla.jpg\" alt=\"comune latina con palla\" width=\"375\" height=\"500\" srcset=\"https:\/\/www.radioluna.it\/news\/wp-content\/uploads\/2014\/09\/comune-latina-con-palla.jpg 375w, https:\/\/www.radioluna.it\/news\/wp-content\/uploads\/2014\/09\/comune-latina-con-palla-225x300.jpg 225w\" sizes=\"auto, (max-width: 375px) 100vw, 375px\" \/><\/a>LATINA<\/strong> &#8211; Evento finale del progetto europeo NewCiMed -New Cities of the Mediterranean Sea Basin promosso dall&#8217;Ufficio Progetti Unione Europea del Comune di Latina\u00a0cofinanziato da ENPI CBC MED Programme Standard Project I-B\/1.3\/561.\u00a0Dal 3 al 7 novembre a Latina\u00a0si realizzeranno diverse attivit\u00e0, dalla\u00a0valorizzazione del patrimonio culturale e naturale dei territori alla pianificazione territoriale e lo sviluppo socio economico per una maggiore coesione sociale e dialogo interculturale.<\/p>\n<p style=\"text-align: justify;\">Per info:\u00a0www.newcimed.com<\/p>\n<p style=\"text-align: justify;\">Queste le iniziative che si realizzeranno :<\/p>\n<p style=\"text-align: justify;\">EuroMed Contemporary Architecture workshop &amp; exhibition, presso il Museo della Terra Pontina in Piazza del Quadrato 24: il tema del workshop \u00e8 la Nuova Piazza del Mediterraneo tra passato e futuro ovvero la piazza ideale che rappresenti l\u2019essenza della citt\u00e0 nuova applicata alla contemporaneit\u00e0. Impegner\u00e0 architetti, esperti e studenti provenienti dai territori che partecipano al progetto NewCiMed: Al-Tafila (Giordania), Arborea (Italia), Cullera (Spagna), Maamoura (Tunisia), Latina (Italia), Tiro (Libano), Ustica (Italia).<\/p>\n<p style=\"text-align: justify;\">GIORNATE DI \u00a0FORMAZIONE SU Ideazione e progettazione di una start up di impresa nel settore turistico: 4 giornate (dal 3 al 6 novembre) presso il Museo Cambellotti di Latina a cui parteciperanno gli studenti degli istituti Marconi e Salvemini di Latina e gli universitari della facolt\u00e0 di Economia e Commercio Sapienza di Latina.<\/p>\n<p style=\"text-align: justify;\">Proiezione cortometraggi realizzati nel workshop The Indiscreet eye in Tunisia : \u00a0 Mustaqbal El Maamoura\u00a0 di Renato Chiocca\u00a0 &#8211; Kees Mee Maamoura di Sirio Sechi \u00a0presso Cinema Teatro Moderno di Latina Via Sisto V, il 6 novembre alle ore 18:00; parteciper\u00e0 alla visione il regista Renato Chiocca per riflessioni con gli intervenuti sull&#8217;esperienza culturale.<\/p>\n<p style=\"text-align: justify;\">EuroMed widespread Museum, \u00a0presso Museo della Terra Pontina, Piazza del Quadrato 24 il 4 novembre h.15:00: avr\u00e0 luogo la presentazione del Museo Diffuso a cura del Dott. Matteo Coluzzi.\u00a0 Interviene il Dott. Vincenzo Scozzarella Dir. Scientifico Museo Cambellotti Latina. Partecipano all&#8217;evento Sindaco di Tiro (Libano) Mr.Hassan Dbouk, il Sindaco di Cullera (Spagna) Sr. Ernesto Sanjuan Martinez , il Sindaco di Maamoura (Tunisia) Samir Ben Slimene, nonch\u00e8 delegazioni di tutti i partner.<\/p>\n<div class=\"radio-posizionamento-telefono-in-articoli-dopo-il-contenuto-articolo radio-entity-placement\" id=\"radio-477198964\"><div id=\"radio-2037350103\" style=\"width: 300px;height: 250px;\"><a href=\"https:\/\/www.icarspa.it\/auto\/usate\/latina\/\" aria-label=\"banner aprile icar new life &#8211; auto usate latina\"><img loading=\"lazy\" decoding=\"async\" src=\"https:\/\/www.radioluna.it\/news\/wp-content\/uploads\/2026\/02\/banner-aprile-icar-new-life-auto-usate-latina.gif\" alt=\"\"  width=\"300\" height=\"250\"   \/><\/a><\/div><\/div>","protected":false},"excerpt":{"rendered":"<p>LATINA &#8211; Evento finale del progetto europeo NewCiMed -New Cities of the Mediterranean Sea Basin promosso dall&#8217;Ufficio Progetti Unione Europea del Comune di Latina\u00a0cofinanziato da ENPI CBC MED Programme Standard Project I-B\/1.3\/561.\u00a0Dal 3 al 7 novembre a Latina\u00a0si realizzeranno diverse attivit\u00e0, dalla\u00a0valorizzazione del patrimonio culturale e naturale dei territori alla pianificazione territoriale e lo sviluppo [&hellip;]<\/p>\n","protected":false},"author":60,"featured_media":155659,"comment_status":"open","ping_status":"closed","sticky":false,"template":"","format":"standard","meta":{"footnotes":""},"categories":[16,11],"tags":[],"class_list":["post-170251","post","type-post","status-publish","format-standard","has-post-thumbnail","hentry","category-appuntamenti","category-economia"],"_links":{"self":[{"href":"https:\/\/www.radioluna.it\/news\/wp-json\/wp\/v2\/posts\/170251","targetHints":{"allow":["GET"]}}],"collection":[{"href":"https:\/\/www.radioluna.it\/news\/wp-json\/wp\/v2\/posts"}],"about":[{"href":"https:\/\/www.radioluna.it\/news\/wp-json\/wp\/v2\/types\/post"}],"author":[{"embeddable":true,"href":"https:\/\/www.radioluna.it\/news\/wp-json\/wp\/v2\/users\/60"}],"replies":[{"embeddable":true,"href":"https:\/\/www.radioluna.it\/news\/wp-json\/wp\/v2\/comments?post=170251"}],"version-history":[{"count":0,"href":"https:\/\/www.radioluna.it\/news\/wp-json\/wp\/v2\/posts\/170251\/revisions"}],"wp:featuredmedia":[{"embeddable":true,"href":"https:\/\/www.radioluna.it\/news\/wp-json\/wp\/v2\/media\/155659"}],"wp:attachment":[{"href":"https:\/\/www.radioluna.it\/news\/wp-json\/wp\/v2\/media?parent=170251"}],"wp:term":[{"taxonomy":"category","embeddable":true,"href":"https:\/\/www.radioluna.it\/news\/wp-json\/wp\/v2\/categories?post=170251"},{"taxonomy":"post_tag","embeddable":true,"href":"https:\/\/www.radioluna.it\/news\/wp-json\/wp\/v2\/tags?post=170251"}],"curies":[{"name":"wp","href":"https:\/\/api.w.org\/{rel}","templated":true}]}}