{"id":170252,"date":"2015-11-02T20:00:49","date_gmt":"2015-11-02T19:00:49","guid":{"rendered":"http:\/\/www.radioluna.it\/news\/?p=170252"},"modified":"2015-11-02T20:03:47","modified_gmt":"2015-11-02T19:03:47","slug":"pmi-locali-nel-mercato-unico-europeo-i-risultati-del-progetto-go-a-l","status":"publish","type":"post","link":"https:\/\/www.radioluna.it\/news\/2015\/11\/pmi-locali-nel-mercato-unico-europeo-i-risultati-del-progetto-go-a-l\/","title":{"rendered":"PMI locali nel mercato unico europeo, i risultati del Progetto Go.A.L."},"content":{"rendered":"<div id=\"fb-root\"><\/div>\n<p style=\"text-align: justify;\"><strong><a href=\"http:\/\/www.radioluna.it\/news\/wp-content\/uploads\/2015\/11\/GOAL.jpg\"><img loading=\"lazy\" decoding=\"async\" class=\" wp-image-170253 size-medium alignleft\" src=\"http:\/\/www.radioluna.it\/news\/wp-content\/uploads\/2015\/11\/GOAL-300x214.jpg\" alt=\"GOAL\" width=\"300\" height=\"214\" srcset=\"https:\/\/www.radioluna.it\/news\/wp-content\/uploads\/2015\/11\/GOAL-300x214.jpg 300w, https:\/\/www.radioluna.it\/news\/wp-content\/uploads\/2015\/11\/GOAL-768x547.jpg 768w, https:\/\/www.radioluna.it\/news\/wp-content\/uploads\/2015\/11\/GOAL-500x356.jpg 500w, https:\/\/www.radioluna.it\/news\/wp-content\/uploads\/2015\/11\/GOAL-635x452.jpg 635w, https:\/\/www.radioluna.it\/news\/wp-content\/uploads\/2015\/11\/GOAL-800x569.jpg 800w, https:\/\/www.radioluna.it\/news\/wp-content\/uploads\/2015\/11\/GOAL.jpg 999w\" sizes=\"auto, (max-width: 300px) 100vw, 300px\" \/><\/a>LATINA<\/strong> &#8211;\u00a0Si terr\u00e0 il prossimo venerd\u00ec 6 novembre a partire dalle ore 9.30, presso la Facolt\u00e0 di Economia dell&#8217;Universit\u00e0 La Sapienza di Latina, il convegno che segna la conclusione del Progetto Go.A.L., iniziativa promossa dal Centro Europeo di Studi Manageriali (CESMA) e dal Consorzio Universitario di Economia Industriale e Manageriale (CUEIM).\u00a0Go.A.L. acronimo di Go Abroad Latina, nasce in risposta all\u2019Avviso denominato L\u2019internazionalizzazione come strategia di contrasto ai fenomeni di crisi pubblicato dalla Provincia di Latina in linea con quanto definito dal Programma Operativo FSE Obiettivo 2 \u2013 Competitivit\u00e0 Regionale e Occupazione Regione Lazio 2007\/2013 \u2013 Asse V Trasnazionalit\u00e0 e Interregionalit\u00e0.<\/p>\n<p style=\"text-align: justify;\">L&#8217;obiettivo generale del progetto era promuovere e realizzare iniziative che favorissero l\u2019apertura ed il posizionamento delle PMI locali nel mercato unico europeo.\u00a0L&#8217;evento del 6 novembre sar\u00e0 l&#8217;occasione per presentare quanto realizzato grazie al progetto Go.A.L., i risultati raggiunti, le operazioni condotte a favore delle imprese locali, tra cui la partecipazione alla fiera Welcome Italia leader in UK per la promozione del Food &amp; Beverage, e le misure dedicate ai giovani che, avendo partecipato alle iniziative di formazione, hanno potuto allargare i propri orizzonti, ottenere un primo e virtuoso contatto con il mondo del lavoro, effettuare un&#8217;esperienza professionale in un paese straniero.<\/p>\n<p style=\"text-align: justify;\">All&#8217;incontro parteciperanno, la Presidente della Provincia, Eleonora Della Penna, il Prefetto di Latina, Pierluigi Faloni, il Presidente di Unindustria Latina, Fabio Miraglia, il Pres. del Comitato Scientifico del CUEIM Gaetano Golinelli, il Direttore del CESMA Pierpaolo Pontecorvo, il Direttore dell&#8217;Ateneo Unimercatorum Patrizia Tanzilli, il Segretario Generale di Assocamerestero Gaetano Fausto Esposito. La parola passer\u00e0 poi agli allievi dei percorsi formativi attivati ed ai rappresentanti delle aziende coinvolte nel progetto.<\/p>\n<div class=\"radio-posizionamento-telefono-in-articoli-dopo-il-contenuto-articolo radio-entity-placement\" id=\"radio-841299662\"><div id=\"radio-3744915701\"><a href=\"https:\/\/www.simeoneceramiche.com\/\" aria-label=\"SIMEONE CERAMICHE GIF animata per radioluna_Tavola disegno 1 copia 2 (online-video-cutter.com)\"><img loading=\"lazy\" decoding=\"async\" src=\"https:\/\/www.radioluna.it\/news\/wp-content\/uploads\/2025\/05\/SIMEONE-CERAMICHE-GIF-animata-per-radioluna_Tavola-disegno-1-copia-2-online-video-cutter.com_.gif\" alt=\"\"  width=\"300\" height=\"250\"   \/><\/a><\/div><\/div>","protected":false},"excerpt":{"rendered":"<p>LATINA &#8211;\u00a0Si terr\u00e0 il prossimo venerd\u00ec 6 novembre a partire dalle ore 9.30, presso la Facolt\u00e0 di Economia dell&#8217;Universit\u00e0 La Sapienza di Latina, il convegno che segna la conclusione del Progetto Go.A.L., iniziativa promossa dal Centro Europeo di Studi Manageriali (CESMA) e dal Consorzio Universitario di Economia Industriale e Manageriale (CUEIM).\u00a0Go.A.L. acronimo di Go Abroad [&hellip;]<\/p>\n","protected":false},"author":60,"featured_media":103904,"comment_status":"open","ping_status":"closed","sticky":false,"template":"","format":"standard","meta":{"footnotes":""},"categories":[16,11],"tags":[],"class_list":["post-170252","post","type-post","status-publish","format-standard","has-post-thumbnail","hentry","category-appuntamenti","category-economia"],"_links":{"self":[{"href":"https:\/\/www.radioluna.it\/news\/wp-json\/wp\/v2\/posts\/170252","targetHints":{"allow":["GET"]}}],"collection":[{"href":"https:\/\/www.radioluna.it\/news\/wp-json\/wp\/v2\/posts"}],"about":[{"href":"https:\/\/www.radioluna.it\/news\/wp-json\/wp\/v2\/types\/post"}],"author":[{"embeddable":true,"href":"https:\/\/www.radioluna.it\/news\/wp-json\/wp\/v2\/users\/60"}],"replies":[{"embeddable":true,"href":"https:\/\/www.radioluna.it\/news\/wp-json\/wp\/v2\/comments?post=170252"}],"version-history":[{"count":0,"href":"https:\/\/www.radioluna.it\/news\/wp-json\/wp\/v2\/posts\/170252\/revisions"}],"wp:featuredmedia":[{"embeddable":true,"href":"https:\/\/www.radioluna.it\/news\/wp-json\/wp\/v2\/media\/103904"}],"wp:attachment":[{"href":"https:\/\/www.radioluna.it\/news\/wp-json\/wp\/v2\/media?parent=170252"}],"wp:term":[{"taxonomy":"category","embeddable":true,"href":"https:\/\/www.radioluna.it\/news\/wp-json\/wp\/v2\/categories?post=170252"},{"taxonomy":"post_tag","embeddable":true,"href":"https:\/\/www.radioluna.it\/news\/wp-json\/wp\/v2\/tags?post=170252"}],"curies":[{"name":"wp","href":"https:\/\/api.w.org\/{rel}","templated":true}]}}