{"id":170266,"date":"2015-11-03T10:05:26","date_gmt":"2015-11-03T09:05:26","guid":{"rendered":"http:\/\/www.radioluna.it\/news\/?p=170266"},"modified":"2015-11-03T10:05:26","modified_gmt":"2015-11-03T09:05:26","slug":"la-pista-ciclabile-sul-ponte-pantanaccio-si-e-dimezzata","status":"publish","type":"post","link":"https:\/\/www.radioluna.it\/news\/2015\/11\/la-pista-ciclabile-sul-ponte-pantanaccio-si-e-dimezzata\/","title":{"rendered":"La pista ciclabile sul Ponte Pantanaccio si \u00e8 dimezzata"},"content":{"rendered":"<div id=\"fb-root\"><\/div>\n<p style=\"text-align: justify;\"><strong>[flagallery gid=447]<\/strong><\/p>\n<p style=\"text-align: justify;\"><strong>LATINA<\/strong> &#8211; La\u00a0\u00a0pista ciclabile che costeggia il ponte del Pantanaccio ha fatto una bella cura dimagrante: si \u00e8 dimezzata. L&#8217;opera, progettata da anni e molto attesa, perch\u00e9 in grado di mettere in comunicazione due zone della citt\u00e0, come altre si \u00e8 impantanata, ma non \u00e8 tutto. Ora che \u00e8 quasi finita, si presenta diversa da quella prevista sulla carta. Lo fa notare oggi il presidente della Lib (Latina in Bicicletta), Dario Bellini.<\/p>\n<p style=\"text-align: justify;\">Partendo da alcune slide, Bellini spiega come la pista ciclabile che collegher\u00e0 Via dei Volsci al quartiere Pantanaccio, debba,\u00a0come \u00e8 ovvio, prevedere i due sensi di marcia, mentre quella realizzata \u00e8 a senso unico. \u201cChi va a Pantanaccio in bici, al ritorno deve rischiarsela un po&#8217; di pi\u00f9 percorrendo la strada normale o deve infrangere il codice della strada percorrendo quella ciclabile contro mano o andando sul marciapiede dall&#8217;altro lato. Perch\u00e9 non \u00e8 stata fatta a due corsie quella pista? Mancanza di spazio? Sono finiti i soldi? Chi \u00e8 il responsabile di questa mancanza?&#8221;, si chiede Bellini che\u00a0ironizza facendo vivissimi complimenti alla ditta che si \u00e8 aggiudicata l&#8217;appalto: &#8220;Manca anche lo scivolo e l&#8217;attraversamento per bici a fine pista, dal lato di Pantanaccio&#8221;. (le foto sono di Dario Bellini)<\/p>\n<div class=\"radio-posizionamento-telefono-in-articoli-dopo-il-contenuto-articolo radio-entity-placement\" id=\"radio-3619337227\"><div id=\"radio-3057158882\" style=\"width: 300px;height: 250px;\"><a href=\"https:\/\/www.icarspa.it\/auto\/usate\/latina\/\" aria-label=\"banner aprile icar new life &#8211; auto usate latina\"><img loading=\"lazy\" decoding=\"async\" src=\"https:\/\/www.radioluna.it\/news\/wp-content\/uploads\/2026\/02\/banner-aprile-icar-new-life-auto-usate-latina.gif\" alt=\"\"  width=\"300\" height=\"250\"   \/><\/a><\/div><\/div>","protected":false},"excerpt":{"rendered":"<p>[flagallery gid=447] LATINA &#8211; La\u00a0\u00a0pista ciclabile che costeggia il ponte del Pantanaccio ha fatto una bella cura dimagrante: si \u00e8 dimezzata. L&#8217;opera, progettata da anni e molto attesa, perch\u00e9 in grado di mettere in comunicazione due zone della citt\u00e0, come altre si \u00e8 impantanata, ma non \u00e8 tutto. Ora che \u00e8 quasi finita, si presenta [&hellip;]<\/p>\n","protected":false},"author":62,"featured_media":170267,"comment_status":"open","ping_status":"closed","sticky":false,"template":"","format":"standard","meta":{"footnotes":""},"categories":[7,2311],"tags":[],"class_list":["post-170266","post","type-post","status-publish","format-standard","has-post-thumbnail","hentry","category-cronaca","category-foto"],"_links":{"self":[{"href":"https:\/\/www.radioluna.it\/news\/wp-json\/wp\/v2\/posts\/170266","targetHints":{"allow":["GET"]}}],"collection":[{"href":"https:\/\/www.radioluna.it\/news\/wp-json\/wp\/v2\/posts"}],"about":[{"href":"https:\/\/www.radioluna.it\/news\/wp-json\/wp\/v2\/types\/post"}],"author":[{"embeddable":true,"href":"https:\/\/www.radioluna.it\/news\/wp-json\/wp\/v2\/users\/62"}],"replies":[{"embeddable":true,"href":"https:\/\/www.radioluna.it\/news\/wp-json\/wp\/v2\/comments?post=170266"}],"version-history":[{"count":0,"href":"https:\/\/www.radioluna.it\/news\/wp-json\/wp\/v2\/posts\/170266\/revisions"}],"wp:featuredmedia":[{"embeddable":true,"href":"https:\/\/www.radioluna.it\/news\/wp-json\/wp\/v2\/media\/170267"}],"wp:attachment":[{"href":"https:\/\/www.radioluna.it\/news\/wp-json\/wp\/v2\/media?parent=170266"}],"wp:term":[{"taxonomy":"category","embeddable":true,"href":"https:\/\/www.radioluna.it\/news\/wp-json\/wp\/v2\/categories?post=170266"},{"taxonomy":"post_tag","embeddable":true,"href":"https:\/\/www.radioluna.it\/news\/wp-json\/wp\/v2\/tags?post=170266"}],"curies":[{"name":"wp","href":"https:\/\/api.w.org\/{rel}","templated":true}]}}