{"id":170276,"date":"2015-11-03T20:43:41","date_gmt":"2015-11-03T19:43:41","guid":{"rendered":"http:\/\/www.radioluna.it\/news\/?p=170276"},"modified":"2015-11-04T09:07:48","modified_gmt":"2015-11-04T08:07:48","slug":"sono-vittima-di-una-calunnia-denuncero-chi-ha-raccontato-falsita-su-di-me-natan-altomare-si-difende-dopo-la-scarcerazione","status":"publish","type":"post","link":"https:\/\/www.radioluna.it\/news\/2015\/11\/sono-vittima-di-una-calunnia-denuncero-chi-ha-raccontato-falsita-su-di-me-natan-altomare-si-difende-dopo-la-scarcerazione\/","title":{"rendered":"&#8220;Io vittima di una calunnia&#8221;: Natan Altomare parla dopo la scarcerazione"},"content":{"rendered":"<div id=\"fb-root\"><\/div>\n<p style=\"text-align: justify;\"><strong><a href=\"http:\/\/www.radioluna.it\/news\/wp-content\/uploads\/2015\/11\/altomare-cupo.jpg\"><img loading=\"lazy\" decoding=\"async\" class=\"aligncenter size-thumbnail wp-image-170306\" src=\"http:\/\/www.radioluna.it\/news\/wp-content\/uploads\/2015\/11\/altomare-cupo-635x422.jpg\" alt=\"altomare cupo\" width=\"635\" height=\"422\" srcset=\"https:\/\/www.radioluna.it\/news\/wp-content\/uploads\/2015\/11\/altomare-cupo-635x422.jpg 635w, https:\/\/www.radioluna.it\/news\/wp-content\/uploads\/2015\/11\/altomare-cupo-768x511.jpg 768w, https:\/\/www.radioluna.it\/news\/wp-content\/uploads\/2015\/11\/altomare-cupo-500x333.jpg 500w, https:\/\/www.radioluna.it\/news\/wp-content\/uploads\/2015\/11\/altomare-cupo-600x400.jpg 600w, https:\/\/www.radioluna.it\/news\/wp-content\/uploads\/2015\/11\/altomare-cupo-300x200.jpg 300w, https:\/\/www.radioluna.it\/news\/wp-content\/uploads\/2015\/11\/altomare-cupo.jpg 800w\" sizes=\"auto, (max-width: 635px) 100vw, 635px\" \/><\/a>LATINA<\/strong> &#8211; &#8220;Sono vittima di una calunnia e denuncer\u00f2 il mio calunniatore&#8221;. Esordisce cos\u00ec, raccontando una verit\u00e0 molto diversa da quella ricostruita dall&#8217;accusa, Natan Altomare, il colletto bianco scarcerato dal Riesame dopo l&#8217;arresto nell&#8217;operazione Don&#8217;t Touch e ora libero di difendersi anche pubblicamente. Parla in una conferenza stampa convocata al Park Hotel quando non sono ancora note le motivazioni per cui i giudici romani hanno annullato l&#8217;ordinanza di custodia cautelare (solo per lui e per il suo giardiniere).<\/p>\n<p style=\"text-align: justify;\">&#8220;E&#8217;\u00a0evidente che mancano i gravi indizi di colpevolezza &#8211; dice\u00a0\u00a0l&#8217;avvocato, Pasquale Cardillo Cupo, introducendo il suo assistito e parlando di un incubo durato 20 giorni &#8211; \u00a0Altomare \u00e8 vittima di un errore, un errore scusabile. Non ce l&#8217;abbiamo con nessuno, non vogliamo attaccare nessuno, ma Natan merita di potersi riscattare&#8221;. \u00a0ASCOLTA L&#8217;AVVOCATO CARDILLO CUPO<\/p>\n<audio class=\"wp-audio-shortcode\" id=\"audio-170276-1\" preload=\"none\" style=\"width: 100%;\" controls=\"controls\"><source type=\"audio\/mpeg\" src=\"http:\/\/www.radioluna.it\/news\/wp-content\/uploads\/2015\/11\/cupo-per-sito.mp3?_=1\" \/><a href=\"http:\/\/www.radioluna.it\/news\/wp-content\/uploads\/2015\/11\/cupo-per-sito.mp3\">http:\/\/www.radioluna.it\/news\/wp-content\/uploads\/2015\/11\/cupo-per-sito.mp3<\/a><\/audio>\n<p style=\"text-align: justify;\"><strong>PROGETTO AMICO E L&#8217;ESTORSIONE<\/strong> &#8211; Quando la parola passa all&#8217;indagato, l&#8217;indice \u00e8 puntato su Fabio Menna, titolare di Progetto Amico (realt\u00e0 molto nota a Latina accreditata presso la Regione Lazio per l&#8217;assistenza ai disabili) che nel corso delle indagini ha raccontato esasperato, ai pm Spinelli e De Lazzaro, di essere stato costretto per anni a pagare un lauto stipendio proprio ad Altomare in cambio di protezione in Regione per le pratiche che riguardavano la sua associazione. Per la legge \u00e8 un&#8217;estorsione continuata, ma Altomare racconta altro: &#8220;Posso provare che lavoravo l\u00ec, curavo le relazioni esterne, la verit\u00e0 \u00e8 che Menna non mi pagava con regolarit\u00e0 e mi doveva versare molti soldi, probabilmente ha cercato di risolvere cos\u00ec i suoi problemi di natura economica&#8221;.<\/p>\n<p style=\"text-align: justify;\"><strong>LA POLITICA<\/strong> &#8211; E&#8217; noto a tutti il ruolo di tuttofare di Altomare, di &#8220;facilitatore&#8221;, di personaggio con le mani in pasta nella politica. Chiede e ottiene favori (in cambio di cosa non si sa). Altomare parla con l&#8217;amico e \u00a0fratello della ministra Beatrice Lorenzin al telefono e intercettato gli dice che Latina gli sta stretta e di essere pronto per fare il grande salto su Roma, ma oggi si definisce una persona come tante, che lavora e fa fatica a pagare il mutuo: \u00a0 &#8220;Non so che cosa sia la malavita, la politica invece s\u00ec, l&#8217;ho frequentata, sono stato e sono amico di tanti politici. Con Tiero andavamo a cena insieme, con Moscardelli ci vedevamo spesso sul treno per Roma. Enrico Forte mi ha stretto la mano proprio l&#8217;altra sera&#8221;.<\/p>\n<p style=\"text-align: justify;\">Sulle relazioni con Cha Cha, invece, e in particolare sulla richiesta di quest&#8217;ultimo di intervenire in Prefettura per una patente ritirata, spiega: &#8220;Lo conoscevo come lo conoscete voi&#8221;. \u00a0E qui, per\u00f2, occorre precisare: non c&#8217;\u00e8 dubbio, che a Latina Cha Cha lo conoscano tutti, ma per fortuna non tutti ricevono le sue telefonate e non tutti si prodigano per risolvere i suoi problemi.<\/p>\n<p style=\"text-align: justify;\">Al Park Hotel, dove si tiene la conferenza stampa, Altomare \u00e8 un fiume in piena, vuole \u00a0&#8220;riabilitarsi&#8221;, termine molto familiare ad un professionista della fisioterapia. Parla di calunnie, di amicizie squisitamente personali, di simpatie politiche, di rapporti rotti per motivazioni private, cercando di rispondere punto su punto alle domande dei presenti e sopratutto alle accuse emerse dalle carte dell&#8217;inchiesta ricche di intercettazioni telefoniche. Parla in pratica di un gigantesco equivoco, quello che ha costruito intorno a lui un &#8220;teorema falso&#8221; di mediatore tra politica e mala, oltre che di organizzatore di una serie di furti commessi da una banda di ladri. Parla per quasi tre quarti d&#8217;ora e non manca di togliersi un sassolino dalla scarpa: &#8220;Di Fazzone non parlo perch\u00e9 non \u00a0mi riesce di parlare fondano&#8221; e imita, con livore malcelato, l&#8217;accento tipico della citt\u00e0 del sud pontino. Una presa in giro che torna pi\u00f9 volte nel corso della conferenza stampa: &#8220;Con Fazzone abbiamo rotto, perch\u00e9 quando \u00e8 morto mio padre non mi ha fatto nemmeno una telefonata&#8221;, dice, \u00a0ma ammette che di quel ruolo da manager amministrativo, \u00a0e non da direttore generale, per lui si era parlato realmente.<\/p>\n<p style=\"text-align: justify;\"><strong>L&#8217;AMICIZIA CON TUMA<\/strong> &#8211; Altro capitolo \u00e8 quello dell&#8217;amicizia con Gianluca Tuma, che ha fatto ipotizzare agli investigatori che Altomare fosse l&#8217;anello di congiunzione tra il mondo politico e l&#8217;associazione per delinquere, di cui facevano parte a vario titolo oltre a Tuma una serie di pregiudicati. Spiega di considerarlo un amico e di non aver mai concluso affari con lui: &#8220;Sapevo che faceva l&#8217;imprenditore e che lavorava a L&#8217;Aquila. Gli ho procurato quattro appuntamenti, ma nessuno di questi \u00e8 andato a buon fine. Abbiamo parlato insieme di alcuni affari (come quello per una residenza per anziani) ma la struttura la doveva comprare lui, io certo non me lo potevo permettere e quindi non se ne \u00e8 fatto nulla. Sapevo anche dei suoi precedenti penali, ma davanti a me non ha mai commesso illeciti&#8221;.<\/p>\n<p style=\"text-align: justify;\"><strong>I FURTI<\/strong> &#8211; Una nota a parte merita invece la vicenda della Bmw X5 nera \u00a0che quattro \u00a0romeni dediti a furti in villa avevano in uso e che risulta essere di Altomare. A sollevare la domanda \u00e8 un cronista: &#8220;Lei dice di aver venduto quell&#8217;auto da tempo. Ma com&#8217;\u00e8 possibile che un&#8217;auto venduta a dicembre con una scrittura privata e una promessa di pagamento venga richiesta indietro, tre mesi pi\u00f9 tardi, perch\u00e9 serve a Tuma per andare in settimana bianca?&#8221;. &#8220;Normale &#8211; risponde pi\u00f9 o meno Altomare &#8211; ho fatto un piacere ad un amico e ho potuto ottenere la temporanea restituzione della macchina perch\u00e9 non me l&#8217;avevano ancora finita di pagare&#8221;. Ai lettori ricordiamo che proprio una cimice \u00a0montata dalla squadra mobile, la notte di Capodanno, su quel fuoristrada, ha fatto scoprire il filone dei furti in villa e fatto emergere una certa familiarit\u00e0 dei ladri con lo stesso Altomare, tanto da far ipotizzare all&#8217;accusa che fosse proprio lui l&#8217;ispiratore di quelle incursioni. Errore scusabile, per dirla con l&#8217;avvocato Cupo. Sempre per la cronaca, una delle vittime di quei furti, \u00e8 l&#8217;onorevole Pasquale Maietta, che non sar\u00e0 stato esattamente contento di scoprirlo.<\/p>\n<p style=\"text-align: justify;\">Non resta ora che attendere le motivazioni del Riesame, poi i pm Luigia Spinelli e Claudio De Lazzaro decideranno se ricorrere in Cassazione chiedendo l&#8217;annullamento del provvedimento del Tribunale delle Libert\u00e0.<\/p>\n<p style=\"text-align: justify;\">Qui l&#8217;audio integrale della conferenza di Altomare<\/p>\n<audio class=\"wp-audio-shortcode\" id=\"audio-170276-2\" preload=\"none\" style=\"width: 100%;\" controls=\"controls\"><source type=\"audio\/mpeg\" src=\"http:\/\/www.radioluna.it\/news\/wp-content\/uploads\/2015\/11\/natan-per-sito.mp3?_=2\" \/><a href=\"http:\/\/www.radioluna.it\/news\/wp-content\/uploads\/2015\/11\/natan-per-sito.mp3\">http:\/\/www.radioluna.it\/news\/wp-content\/uploads\/2015\/11\/natan-per-sito.mp3<\/a><\/audio>\n<p style=\"text-align: justify;\">\n<div class=\"radio-posizionamento-telefono-in-articoli-dopo-il-contenuto-articolo radio-entity-placement\" id=\"radio-2404388494\"><div id=\"radio-694055767\"><a href=\"https:\/\/grupporedi.it\/\" aria-label=\"Redi-Qr\"><img loading=\"lazy\" decoding=\"async\" src=\"https:\/\/www.radioluna.it\/news\/wp-content\/uploads\/2026\/03\/Redi-Qr.jpg\" alt=\"\"  srcset=\"https:\/\/www.radioluna.it\/news\/wp-content\/uploads\/2026\/03\/Redi-Qr.jpg 800w, https:\/\/www.radioluna.it\/news\/wp-content\/uploads\/2026\/03\/Redi-Qr-768x639.jpg 768w\" sizes=\"(max-width: 800px) 100vw, 800px\" width=\"300\" height=\"250\"   \/><\/a><\/div><\/div>","protected":false},"excerpt":{"rendered":"<p>LATINA &#8211; &#8220;Sono vittima di una calunnia e denuncer\u00f2 il mio calunniatore&#8221;. Esordisce cos\u00ec, raccontando una verit\u00e0 molto diversa da quella ricostruita dall&#8217;accusa, Natan Altomare, il colletto bianco scarcerato dal Riesame dopo l&#8217;arresto nell&#8217;operazione Don&#8217;t Touch e ora libero di difendersi anche pubblicamente. Parla in una conferenza stampa convocata al Park Hotel quando non sono [&hellip;]<\/p>\n","protected":false},"author":62,"featured_media":170306,"comment_status":"open","ping_status":"closed","sticky":false,"template":"","format":"standard","meta":{"footnotes":""},"categories":[2310,7],"tags":[],"class_list":["post-170276","post","type-post","status-publish","format-standard","has-post-thumbnail","hentry","category-audio","category-cronaca"],"_links":{"self":[{"href":"https:\/\/www.radioluna.it\/news\/wp-json\/wp\/v2\/posts\/170276","targetHints":{"allow":["GET"]}}],"collection":[{"href":"https:\/\/www.radioluna.it\/news\/wp-json\/wp\/v2\/posts"}],"about":[{"href":"https:\/\/www.radioluna.it\/news\/wp-json\/wp\/v2\/types\/post"}],"author":[{"embeddable":true,"href":"https:\/\/www.radioluna.it\/news\/wp-json\/wp\/v2\/users\/62"}],"replies":[{"embeddable":true,"href":"https:\/\/www.radioluna.it\/news\/wp-json\/wp\/v2\/comments?post=170276"}],"version-history":[{"count":0,"href":"https:\/\/www.radioluna.it\/news\/wp-json\/wp\/v2\/posts\/170276\/revisions"}],"wp:featuredmedia":[{"embeddable":true,"href":"https:\/\/www.radioluna.it\/news\/wp-json\/wp\/v2\/media\/170306"}],"wp:attachment":[{"href":"https:\/\/www.radioluna.it\/news\/wp-json\/wp\/v2\/media?parent=170276"}],"wp:term":[{"taxonomy":"category","embeddable":true,"href":"https:\/\/www.radioluna.it\/news\/wp-json\/wp\/v2\/categories?post=170276"},{"taxonomy":"post_tag","embeddable":true,"href":"https:\/\/www.radioluna.it\/news\/wp-json\/wp\/v2\/tags?post=170276"}],"curies":[{"name":"wp","href":"https:\/\/api.w.org\/{rel}","templated":true}]}}