{"id":170280,"date":"2015-11-03T18:11:38","date_gmt":"2015-11-03T17:11:38","guid":{"rendered":"http:\/\/www.radioluna.it\/news\/?p=170280"},"modified":"2015-11-03T18:11:38","modified_gmt":"2015-11-03T17:11:38","slug":"crisi-e-prospettive-confronto-tra-cgil-cisl-e-uil-e-il-commissario-barbato","status":"publish","type":"post","link":"https:\/\/www.radioluna.it\/news\/2015\/11\/crisi-e-prospettive-confronto-tra-cgil-cisl-e-uil-e-il-commissario-barbato\/","title":{"rendered":"Crisi e prospettive: confronto tra Cgil, Cisl e Uil e il commissario Barbato"},"content":{"rendered":"<div id=\"fb-root\"><\/div>\n<p style=\"text-align: justify;\"><strong><a href=\"http:\/\/www.radioluna.it\/news\/wp-content\/uploads\/2014\/09\/ingresso-comune.jpg\"><img loading=\"lazy\" decoding=\"async\" class=\" size-full wp-image-155682 alignleft\" src=\"http:\/\/www.radioluna.it\/news\/wp-content\/uploads\/2014\/09\/ingresso-comune.jpg\" alt=\"ingresso comune\" width=\"375\" height=\"500\" srcset=\"https:\/\/www.radioluna.it\/news\/wp-content\/uploads\/2014\/09\/ingresso-comune.jpg 375w, https:\/\/www.radioluna.it\/news\/wp-content\/uploads\/2014\/09\/ingresso-comune-225x300.jpg 225w\" sizes=\"auto, (max-width: 375px) 100vw, 375px\" \/><\/a>LATINA<\/strong> &#8211; Un confronto per discutere di prospettive, di contrattazione sociale, degli effetti della crisi sulle fasce pi\u00f9 deboli della nostra citt\u00e0.\u00a0Si \u00e8 svolto oggi, presso il Comune di Latina, l&#8217;incontro atteso da tempo, tra il commissario prefettizio Giacomo Barbato e le segreterie provinciali di Latina di Cgil, Cisl, Uil, rappresentate rispettivamente da Dario D&#8217;Arcangelis, Roberto Cecere e Luigi Garullo.<\/p>\n<p style=\"text-align: justify;\">Tra i temi affrontati anche\u00a0la vertenza in atto della Latina Ambiente che si ripercuote sulla sorte di tanti lavoratori e di riflesso sul decoro della citt\u00e0.\u00a0Le Organizzazioni sindacali hanno fatto notare al commissario &#8220;la pessima gestione dell&#8217;ente da parte del management &#8211; cos\u00ec si legge nella nota ufficiale &#8211; che ora si trincera dietro i problemi legati alla mancata manutenzione dei mezzi meccanici, scaricando su questa problematica la scarsa raccolta dei rifiuti che avviene, in questi giorni, a Latina&#8221;.\u00a0Dal canto suo il Commissario Barbato ha illustrato la situazione della Latina Ambiente evidenziando come il tutto sia ormai nelle mani del Tribunale di Latina sottolineando, nel contempo, che se oggi i lavoratori continuano a percepire lo stipendio \u00e8 soprattutto perch\u00e9 il Comune continua ad erogare risorse economiche per questa societ\u00e0.\u00a0&#8220;Da questo profondo senso di responsabilit\u00e0 che l&#8217;Ente sta dimostrando &#8211; \u00a0ha sottolineato il Commissario Barbato &#8211; \u00a0ci aspettiamo un analogo atteggiamento da parte dei lavoratori e dei sindacati&#8221;. Al termine dell&#8217;incontro le segreterie provinciali di Cgil, Cisl, Uil di Latina hanno espresso al Commissario Barbato tutto il loro sostegno affinch\u00e9 &#8220;il suo operato traghetti, nel migliore dei modi, la citt\u00e0 fuori dalle paludi in cui si \u00e8 venuta a trovare in questi ultimi tempi&#8221;.<\/p>\n<div class=\"radio-posizionamento-telefono-in-articoli-dopo-il-contenuto-articolo radio-entity-placement\" id=\"radio-1455034943\"><div id=\"radio-2108790890\"><a href=\"https:\/\/www.simeoneceramiche.com\/\" aria-label=\"SIMEONE CERAMICHE GIF animata per radioluna_Tavola disegno 1 copia 2 (online-video-cutter.com)\"><img loading=\"lazy\" decoding=\"async\" src=\"https:\/\/www.radioluna.it\/news\/wp-content\/uploads\/2025\/05\/SIMEONE-CERAMICHE-GIF-animata-per-radioluna_Tavola-disegno-1-copia-2-online-video-cutter.com_.gif\" alt=\"\"  width=\"300\" height=\"250\"   \/><\/a><\/div><\/div>","protected":false},"excerpt":{"rendered":"<p>LATINA &#8211; Un confronto per discutere di prospettive, di contrattazione sociale, degli effetti della crisi sulle fasce pi\u00f9 deboli della nostra citt\u00e0.\u00a0Si \u00e8 svolto oggi, presso il Comune di Latina, l&#8217;incontro atteso da tempo, tra il commissario prefettizio Giacomo Barbato e le segreterie provinciali di Latina di Cgil, Cisl, Uil, rappresentate rispettivamente da Dario D&#8217;Arcangelis, [&hellip;]<\/p>\n","protected":false},"author":60,"featured_media":155682,"comment_status":"open","ping_status":"closed","sticky":false,"template":"","format":"standard","meta":{"footnotes":""},"categories":[11],"tags":[],"class_list":["post-170280","post","type-post","status-publish","format-standard","has-post-thumbnail","hentry","category-economia"],"_links":{"self":[{"href":"https:\/\/www.radioluna.it\/news\/wp-json\/wp\/v2\/posts\/170280","targetHints":{"allow":["GET"]}}],"collection":[{"href":"https:\/\/www.radioluna.it\/news\/wp-json\/wp\/v2\/posts"}],"about":[{"href":"https:\/\/www.radioluna.it\/news\/wp-json\/wp\/v2\/types\/post"}],"author":[{"embeddable":true,"href":"https:\/\/www.radioluna.it\/news\/wp-json\/wp\/v2\/users\/60"}],"replies":[{"embeddable":true,"href":"https:\/\/www.radioluna.it\/news\/wp-json\/wp\/v2\/comments?post=170280"}],"version-history":[{"count":0,"href":"https:\/\/www.radioluna.it\/news\/wp-json\/wp\/v2\/posts\/170280\/revisions"}],"wp:featuredmedia":[{"embeddable":true,"href":"https:\/\/www.radioluna.it\/news\/wp-json\/wp\/v2\/media\/155682"}],"wp:attachment":[{"href":"https:\/\/www.radioluna.it\/news\/wp-json\/wp\/v2\/media?parent=170280"}],"wp:term":[{"taxonomy":"category","embeddable":true,"href":"https:\/\/www.radioluna.it\/news\/wp-json\/wp\/v2\/categories?post=170280"},{"taxonomy":"post_tag","embeddable":true,"href":"https:\/\/www.radioluna.it\/news\/wp-json\/wp\/v2\/tags?post=170280"}],"curies":[{"name":"wp","href":"https:\/\/api.w.org\/{rel}","templated":true}]}}