{"id":170335,"date":"2015-11-04T17:10:44","date_gmt":"2015-11-04T16:10:44","guid":{"rendered":"http:\/\/www.radioluna.it\/news\/?p=170335"},"modified":"2015-11-04T17:11:46","modified_gmt":"2015-11-04T16:11:46","slug":"ciak-si-gira-si-cercano-comparse-in-provincia-di-latina-per-il-film-di-placido","status":"publish","type":"post","link":"https:\/\/www.radioluna.it\/news\/2015\/11\/ciak-si-gira-si-cercano-comparse-in-provincia-di-latina-per-il-film-di-placido\/","title":{"rendered":"Ciak si gira: si cercano comparse residenti in provincia di Latina per il film di Placido"},"content":{"rendered":"<div id=\"fb-root\"><\/div>\n<div id=\"attachment_170336\" style=\"width: 645px\" class=\"wp-caption aligncenter\"><a href=\"http:\/\/www.radioluna.it\/news\/wp-content\/uploads\/2015\/11\/placido.jpg\"><img loading=\"lazy\" decoding=\"async\" aria-describedby=\"caption-attachment-170336\" class=\"size-thumbnail wp-image-170336\" src=\"http:\/\/www.radioluna.it\/news\/wp-content\/uploads\/2015\/11\/placido-635x423.jpg\" alt=\"Back Stage delle prime riprese del film &quot;7Minuti&quot; di Michele Placido,  Latina 25 luglio 2015 - EdeDPhotos \/Enrico de Divitiis\/Latina Film Commission\" width=\"635\" height=\"423\" srcset=\"https:\/\/www.radioluna.it\/news\/wp-content\/uploads\/2015\/11\/placido-635x423.jpg 635w, https:\/\/www.radioluna.it\/news\/wp-content\/uploads\/2015\/11\/placido-768x512.jpg 768w, https:\/\/www.radioluna.it\/news\/wp-content\/uploads\/2015\/11\/placido-500x333.jpg 500w, https:\/\/www.radioluna.it\/news\/wp-content\/uploads\/2015\/11\/placido-600x400.jpg 600w, https:\/\/www.radioluna.it\/news\/wp-content\/uploads\/2015\/11\/placido-300x200.jpg 300w, https:\/\/www.radioluna.it\/news\/wp-content\/uploads\/2015\/11\/placido-1024x683.jpg 1024w, https:\/\/www.radioluna.it\/news\/wp-content\/uploads\/2015\/11\/placido-800x534.jpg 800w, https:\/\/www.radioluna.it\/news\/wp-content\/uploads\/2015\/11\/placido.jpg 1000w\" sizes=\"auto, (max-width: 635px) 100vw, 635px\" \/><\/a><p id=\"caption-attachment-170336\" class=\"wp-caption-text\">Back Stage delle prime riprese del film &#8220;7Minuti&#8221; di Michele Placido, Latina 25 luglio 2015 &#8211; EdeDPhotos \/Enrico de Divitiis\/Latina Film Commission<\/p><\/div>\n<p style=\"text-align: justify;\"><strong>LATINA<\/strong> &#8211;\u00a0Si cercano comparse residenti nella provincia di Latina da inserire nel cast del film di Michele Placido, dal titolo \u201c7 minuti\u201d. Il film si girera\u0300 dal 30 novembre fino alla meta\u0300 di gennaio 2016 interamente nella citta\u0300 di Latina.<\/p>\n<p style=\"text-align: justify;\">In particolare si cercano: uomini e donne di et\u00e0 compresa tra i 18 e 70 anni. La selezione \u00e8 aperta a tutte le nazionalit\u00e0, \u00a0gli interessati potranno presentarsi esclusivamente nei giorni di marted\u00ec 10 e mercoled\u00ec 11 novembre 2015 presso la sede della Latina Film Commission, nel complesso dell&#8217;EXPO di Latina in Via Monti Lepini dalle ore 9:30 alle ore 18:30 muniti di validi documenti e fotocopie degli stessi quali: tessera sanitaria, documento d&#8217;identit\u00e0, codice Iban e per cittadini extracomunitari il permesso di soggiorno valido.<\/p>\n<p style=\"text-align: justify;\">La Latina Film Commission, strumento di promozione territoriale per l&#8217;ente Provincia di Latina, nell&#8217;ambito delle sue attivita&#8217; per il 2015-2016, conferma quindi l&#8217;inizio di preparazione a Latina del prossimo progetto cinematografico di Michele Placido. Il film e\u0300 stato scritto dallo stesso Placido con Stefano Massini ed e\u0300 tratto da una storia vera accaduta in una fabbrica francese negli anni 50 e riambientato nell\u2019Italia di\u00a0<a class=\"matchTooltip\">oggi<\/a>. Il tema trattato e\u0300 quello del lavoro e dei diritti attraverso la decisione che 11 donne di un consiglio di fabbrica nel settore del tessile, devono prendere in rappresentanza di oltre 200 operaie. Non a caso Placido si \u00e8 avvalso della consulenza e della collaborazione del regista pontino Massimo Ferrari e della MaGa Production autori di &#8220;Atlantis&#8221;, documentario dalle stesse tematiche sulle vicende della Tacconi Sud.<\/p>\n<p style=\"text-align: justify;\">Il cast artistico e\u0300 formato, tra gli altri da: Ambra Angiolini, Cristiana Capotondi, Fiorella Mannoia, Maria Nazionale, Ottavia Piccolo, Violante Placido e lo stesso Michele Placido. La produzione si avvarr\u00e0 del supporto di una serie di servizi e professionisti locali. Inoltre, la Latina Film Commission in accordo con la produzione, coordiner\u00e0 la presenza sul set di un gruppo di lavoro selezionato allo scopo di formare e perfezionare quelle figure professionali di settore che mancano nella nostra provincia.<\/p>\n<p>&nbsp;<\/p>\n<div class=\"radio-posizionamento-telefono-in-articoli-dopo-il-contenuto-articolo radio-entity-placement\" id=\"radio-3100371308\"><div id=\"radio-2278423839\" style=\"width: 300px;height: 250px;\"><a href=\"https:\/\/www.icarspa.it\/auto\/usate\/latina\/\" aria-label=\"banner aprile icar new life &#8211; auto usate latina\"><img loading=\"lazy\" decoding=\"async\" src=\"https:\/\/www.radioluna.it\/news\/wp-content\/uploads\/2026\/02\/banner-aprile-icar-new-life-auto-usate-latina.gif\" alt=\"\"  width=\"300\" height=\"250\"   \/><\/a><\/div><\/div>","protected":false},"excerpt":{"rendered":"<p>LATINA &#8211;\u00a0Si cercano comparse residenti nella provincia di Latina da inserire nel cast del film di Michele Placido, dal titolo \u201c7 minuti\u201d. Il film si girera\u0300 dal 30 novembre fino alla meta\u0300 di gennaio 2016 interamente nella citta\u0300 di Latina. In particolare si cercano: uomini e donne di et\u00e0 compresa tra i 18 e 70 [&hellip;]<\/p>\n","protected":false},"author":60,"featured_media":170336,"comment_status":"open","ping_status":"closed","sticky":false,"template":"","format":"standard","meta":{"footnotes":""},"categories":[11],"tags":[],"class_list":["post-170335","post","type-post","status-publish","format-standard","has-post-thumbnail","hentry","category-economia"],"_links":{"self":[{"href":"https:\/\/www.radioluna.it\/news\/wp-json\/wp\/v2\/posts\/170335","targetHints":{"allow":["GET"]}}],"collection":[{"href":"https:\/\/www.radioluna.it\/news\/wp-json\/wp\/v2\/posts"}],"about":[{"href":"https:\/\/www.radioluna.it\/news\/wp-json\/wp\/v2\/types\/post"}],"author":[{"embeddable":true,"href":"https:\/\/www.radioluna.it\/news\/wp-json\/wp\/v2\/users\/60"}],"replies":[{"embeddable":true,"href":"https:\/\/www.radioluna.it\/news\/wp-json\/wp\/v2\/comments?post=170335"}],"version-history":[{"count":0,"href":"https:\/\/www.radioluna.it\/news\/wp-json\/wp\/v2\/posts\/170335\/revisions"}],"wp:featuredmedia":[{"embeddable":true,"href":"https:\/\/www.radioluna.it\/news\/wp-json\/wp\/v2\/media\/170336"}],"wp:attachment":[{"href":"https:\/\/www.radioluna.it\/news\/wp-json\/wp\/v2\/media?parent=170335"}],"wp:term":[{"taxonomy":"category","embeddable":true,"href":"https:\/\/www.radioluna.it\/news\/wp-json\/wp\/v2\/categories?post=170335"},{"taxonomy":"post_tag","embeddable":true,"href":"https:\/\/www.radioluna.it\/news\/wp-json\/wp\/v2\/tags?post=170335"}],"curies":[{"name":"wp","href":"https:\/\/api.w.org\/{rel}","templated":true}]}}