{"id":170382,"date":"2015-11-05T13:39:47","date_gmt":"2015-11-05T12:39:47","guid":{"rendered":"http:\/\/www.radioluna.it\/news\/?p=170382"},"modified":"2015-11-06T13:35:21","modified_gmt":"2015-11-06T12:35:21","slug":"latina-casa-popolare-tolta-al-clan-e-assegnata-alla-famiglia-che-ne-aveva-diritto","status":"publish","type":"post","link":"https:\/\/www.radioluna.it\/news\/2015\/11\/latina-casa-popolare-tolta-al-clan-e-assegnata-alla-famiglia-che-ne-aveva-diritto\/","title":{"rendered":"Latina, casa popolare tolta al clan e assegnata alla famiglia che ne aveva diritto"},"content":{"rendered":"<div id=\"fb-root\"><\/div>\n<div id=\"attachment_168581\" style=\"width: 539px\" class=\"wp-caption aligncenter\"><a href=\"http:\/\/www.radioluna.it\/news\/wp-content\/uploads\/2015\/09\/alloggi-murati-allater.jpg\"><img loading=\"lazy\" decoding=\"async\" aria-describedby=\"caption-attachment-168581\" class=\"size-full wp-image-168581\" src=\"http:\/\/www.radioluna.it\/news\/wp-content\/uploads\/2015\/09\/alloggi-murati-allater.jpg\" alt=\"La polizia fa murare l'appartamento Ater occupato da  Travali dopo lo sgombero \" width=\"529\" height=\"578\" srcset=\"https:\/\/www.radioluna.it\/news\/wp-content\/uploads\/2015\/09\/alloggi-murati-allater.jpg 529w, https:\/\/www.radioluna.it\/news\/wp-content\/uploads\/2015\/09\/alloggi-murati-allater-500x546.jpg 500w, https:\/\/www.radioluna.it\/news\/wp-content\/uploads\/2015\/09\/alloggi-murati-allater-275x300.jpg 275w, https:\/\/www.radioluna.it\/news\/wp-content\/uploads\/2015\/09\/alloggi-murati-allater-300x328.jpg 300w\" sizes=\"auto, (max-width: 529px) 100vw, 529px\" \/><\/a><p id=\"caption-attachment-168581\" class=\"wp-caption-text\">La polizia fa murare l&#8217;appartamento Ater occupato da Travali dopo lo sgombero<\/p><\/div>\n<p style=\"text-align: justify;\"><strong>LATINA<\/strong> \u00a0&#8211; Era occupato abusivamente \u00e8 stato sgomberato due volte prima di poter essere assegnato alla famiglia che ne aveva diritto, un appartamento popolare in\u00a0Via Virgilio. Sequestrato ad agosto, l&#8217;alloggio era \u00a0stato rioccupato dagli stessi inquilini, appartenenti ad un noto clan del capoluogo, e di nuovo liberato il 2 ottobre dagli agenti della Squadra Mobile con la collaborazione dell&#8217; Ater, su \u00a0provvedimento di sequestro preventivo emesso dal Giudice per le Indagini Preliminari del Tribunale di Latina. Sostituita la porta di ingresso, l&#8217;Ater ieri ha potuto far insediare la famiglia assegnataria. &#8220;L&#8217; intervento, realizzato anche grazie alla completa collaborazione tra Questura, Magistratura e ATER &#8211; spiegano dalla Polizia &#8211; \u00a0\u00e8 particolarmente significativo in quanto rappresenta una straordinaria attualit\u00e0 nella lotta alla criminalit\u00e0, nell\u2019ambito di una scelta strategica all\u2019interno di un percorso di legalit\u00e0 che \u00e8 stato intrapreso in maniera decisa in questa provincia&#8221;.<\/p>\n<div class=\"radio-posizionamento-telefono-in-articoli-dopo-il-contenuto-articolo radio-entity-placement\" id=\"radio-163871141\"><div id=\"radio-2343135215\"><a href=\"https:\/\/www.simeoneceramiche.com\/\" aria-label=\"SIMEONE CERAMICHE GIF animata per radioluna_Tavola disegno 1 copia 2 (online-video-cutter.com)\"><img loading=\"lazy\" decoding=\"async\" src=\"https:\/\/www.radioluna.it\/news\/wp-content\/uploads\/2025\/05\/SIMEONE-CERAMICHE-GIF-animata-per-radioluna_Tavola-disegno-1-copia-2-online-video-cutter.com_.gif\" alt=\"\"  width=\"300\" height=\"250\"   \/><\/a><\/div><\/div>","protected":false},"excerpt":{"rendered":"<p>LATINA \u00a0&#8211; Era occupato abusivamente \u00e8 stato sgomberato due volte prima di poter essere assegnato alla famiglia che ne aveva diritto, un appartamento popolare in\u00a0Via Virgilio. Sequestrato ad agosto, l&#8217;alloggio era \u00a0stato rioccupato dagli stessi inquilini, appartenenti ad un noto clan del capoluogo, e di nuovo liberato il 2 ottobre dagli agenti della Squadra Mobile [&hellip;]<\/p>\n","protected":false},"author":62,"featured_media":168581,"comment_status":"open","ping_status":"closed","sticky":false,"template":"","format":"standard","meta":{"footnotes":""},"categories":[7],"tags":[],"class_list":["post-170382","post","type-post","status-publish","format-standard","has-post-thumbnail","hentry","category-cronaca"],"_links":{"self":[{"href":"https:\/\/www.radioluna.it\/news\/wp-json\/wp\/v2\/posts\/170382","targetHints":{"allow":["GET"]}}],"collection":[{"href":"https:\/\/www.radioluna.it\/news\/wp-json\/wp\/v2\/posts"}],"about":[{"href":"https:\/\/www.radioluna.it\/news\/wp-json\/wp\/v2\/types\/post"}],"author":[{"embeddable":true,"href":"https:\/\/www.radioluna.it\/news\/wp-json\/wp\/v2\/users\/62"}],"replies":[{"embeddable":true,"href":"https:\/\/www.radioluna.it\/news\/wp-json\/wp\/v2\/comments?post=170382"}],"version-history":[{"count":0,"href":"https:\/\/www.radioluna.it\/news\/wp-json\/wp\/v2\/posts\/170382\/revisions"}],"wp:featuredmedia":[{"embeddable":true,"href":"https:\/\/www.radioluna.it\/news\/wp-json\/wp\/v2\/media\/168581"}],"wp:attachment":[{"href":"https:\/\/www.radioluna.it\/news\/wp-json\/wp\/v2\/media?parent=170382"}],"wp:term":[{"taxonomy":"category","embeddable":true,"href":"https:\/\/www.radioluna.it\/news\/wp-json\/wp\/v2\/categories?post=170382"},{"taxonomy":"post_tag","embeddable":true,"href":"https:\/\/www.radioluna.it\/news\/wp-json\/wp\/v2\/tags?post=170382"}],"curies":[{"name":"wp","href":"https:\/\/api.w.org\/{rel}","templated":true}]}}