{"id":170392,"date":"2015-11-06T01:35:26","date_gmt":"2015-11-06T00:35:26","guid":{"rendered":"http:\/\/www.radioluna.it\/news\/?p=170392"},"modified":"2015-11-06T06:51:23","modified_gmt":"2015-11-06T05:51:23","slug":"latina-crac-midal-nuovo-processo-per-barberini","status":"publish","type":"post","link":"https:\/\/www.radioluna.it\/news\/2015\/11\/latina-crac-midal-nuovo-processo-per-barberini\/","title":{"rendered":"Latina, crac Midal nuovo processo a Barberini per il mutuo della Bnl"},"content":{"rendered":"<div id=\"fb-root\"><\/div>\n<p><a href=\"http:\/\/www.radioluna.it\/news\/wp-content\/uploads\/2014\/02\/MIDAL.jpg\"><img loading=\"lazy\" decoding=\"async\" class=\"aligncenter wp-image-146234\" src=\"http:\/\/www.radioluna.it\/news\/wp-content\/uploads\/2014\/02\/MIDAL-150x150.jpg\" alt=\"MIDAL\" width=\"635\" height=\"380\" srcset=\"https:\/\/www.radioluna.it\/news\/wp-content\/uploads\/2014\/02\/MIDAL-300x180.jpg 300w, https:\/\/www.radioluna.it\/news\/wp-content\/uploads\/2014\/02\/MIDAL-768x460.jpg 768w, https:\/\/www.radioluna.it\/news\/wp-content\/uploads\/2014\/02\/MIDAL-500x299.jpg 500w, https:\/\/www.radioluna.it\/news\/wp-content\/uploads\/2014\/02\/MIDAL-450x270.jpg 450w, https:\/\/www.radioluna.it\/news\/wp-content\/uploads\/2014\/02\/MIDAL-800x479.jpg 800w, https:\/\/www.radioluna.it\/news\/wp-content\/uploads\/2014\/02\/MIDAL.jpg 960w\" sizes=\"auto, (max-width: 635px) 100vw, 635px\" \/><\/a><\/p>\n<p style=\"text-align: justify;\"><strong>LATINA <\/strong>&#8211; Nuova appendice in Tribunale del fallimento della Midal spa. Il gup Laura Matilde Campoli ha rinviato a giudizio l&#8217;ex manager e amministratore delegato Paolo Barberini e poi Rosanna Izzi e i due commercialisti Sergio Gasbarra e Sandro Silenzi, devono rispondere di accesso abusivo al credito e le accuse sono relative ad un mutuo di otto milioni di euro\u00a0 chiesto alla Bnl per la vendita di un immobile di una societ\u00e0 riconducibile alla Midal che poi \u00e8 fallita. Il pm Raffaella Falcione aveva disposto lo stralcio del fascicolo e il processo inizier\u00e0 il 16 dicembre in Tribunale e sar\u00e0 riunificato con quello madre dove ci sono anche altri imputati. I lavoratori ex Midal si sono costituiti parte civile.<\/p>\n<div class=\"radio-posizionamento-telefono-in-articoli-dopo-il-contenuto-articolo radio-entity-placement\" id=\"radio-3256408887\"><div id=\"radio-2565528093\"><a href=\"https:\/\/www.simeoneceramiche.com\/\" aria-label=\"SIMEONE CERAMICHE GIF animata per radioluna_Tavola disegno 1 copia 2 (online-video-cutter.com)\"><img loading=\"lazy\" decoding=\"async\" src=\"https:\/\/www.radioluna.it\/news\/wp-content\/uploads\/2025\/05\/SIMEONE-CERAMICHE-GIF-animata-per-radioluna_Tavola-disegno-1-copia-2-online-video-cutter.com_.gif\" alt=\"\"  width=\"300\" height=\"250\"   \/><\/a><\/div><\/div>","protected":false},"excerpt":{"rendered":"<p>LATINA &#8211; Nuova appendice in Tribunale del fallimento della Midal spa. Il gup Laura Matilde Campoli ha rinviato a giudizio l&#8217;ex manager e amministratore delegato Paolo Barberini e poi Rosanna Izzi e i due commercialisti Sergio Gasbarra e Sandro Silenzi, devono rispondere di accesso abusivo al credito e le accuse sono relative ad un mutuo [&hellip;]<\/p>\n","protected":false},"author":60,"featured_media":146234,"comment_status":"open","ping_status":"closed","sticky":false,"template":"","format":"standard","meta":{"footnotes":""},"categories":[7],"tags":[],"class_list":["post-170392","post","type-post","status-publish","format-standard","has-post-thumbnail","hentry","category-cronaca"],"_links":{"self":[{"href":"https:\/\/www.radioluna.it\/news\/wp-json\/wp\/v2\/posts\/170392","targetHints":{"allow":["GET"]}}],"collection":[{"href":"https:\/\/www.radioluna.it\/news\/wp-json\/wp\/v2\/posts"}],"about":[{"href":"https:\/\/www.radioluna.it\/news\/wp-json\/wp\/v2\/types\/post"}],"author":[{"embeddable":true,"href":"https:\/\/www.radioluna.it\/news\/wp-json\/wp\/v2\/users\/60"}],"replies":[{"embeddable":true,"href":"https:\/\/www.radioluna.it\/news\/wp-json\/wp\/v2\/comments?post=170392"}],"version-history":[{"count":0,"href":"https:\/\/www.radioluna.it\/news\/wp-json\/wp\/v2\/posts\/170392\/revisions"}],"wp:featuredmedia":[{"embeddable":true,"href":"https:\/\/www.radioluna.it\/news\/wp-json\/wp\/v2\/media\/146234"}],"wp:attachment":[{"href":"https:\/\/www.radioluna.it\/news\/wp-json\/wp\/v2\/media?parent=170392"}],"wp:term":[{"taxonomy":"category","embeddable":true,"href":"https:\/\/www.radioluna.it\/news\/wp-json\/wp\/v2\/categories?post=170392"},{"taxonomy":"post_tag","embeddable":true,"href":"https:\/\/www.radioluna.it\/news\/wp-json\/wp\/v2\/tags?post=170392"}],"curies":[{"name":"wp","href":"https:\/\/api.w.org\/{rel}","templated":true}]}}