{"id":170425,"date":"2015-11-06T18:23:25","date_gmt":"2015-11-06T17:23:25","guid":{"rendered":"http:\/\/www.radioluna.it\/news\/?p=170425"},"modified":"2015-11-06T18:23:25","modified_gmt":"2015-11-06T17:23:25","slug":"cisterna-sopralluogo-dopo-il-rogo-in-via-falcone","status":"publish","type":"post","link":"https:\/\/www.radioluna.it\/news\/2015\/11\/cisterna-sopralluogo-dopo-il-rogo-in-via-falcone\/","title":{"rendered":"Cisterna, sopralluogo dopo il rogo in via Falcone"},"content":{"rendered":"<div id=\"fb-root\"><\/div>\n<p style=\"text-align: justify;\"><strong><a href=\"http:\/\/www.radioluna.it\/news\/wp-content\/uploads\/2015\/11\/SOCCORSI-A-CISTERNA1.jpg\"><img loading=\"lazy\" decoding=\"async\" class=\" size-medium wp-image-170368 alignleft\" src=\"http:\/\/www.radioluna.it\/news\/wp-content\/uploads\/2015\/11\/SOCCORSI-A-CISTERNA1-300x200.jpg\" alt=\"SOCCORSI A CISTERNA\" width=\"300\" height=\"200\" srcset=\"https:\/\/www.radioluna.it\/news\/wp-content\/uploads\/2015\/11\/SOCCORSI-A-CISTERNA1-300x200.jpg 300w, https:\/\/www.radioluna.it\/news\/wp-content\/uploads\/2015\/11\/SOCCORSI-A-CISTERNA1-768x511.jpg 768w, https:\/\/www.radioluna.it\/news\/wp-content\/uploads\/2015\/11\/SOCCORSI-A-CISTERNA1-500x333.jpg 500w, https:\/\/www.radioluna.it\/news\/wp-content\/uploads\/2015\/11\/SOCCORSI-A-CISTERNA1-600x400.jpg 600w, https:\/\/www.radioluna.it\/news\/wp-content\/uploads\/2015\/11\/SOCCORSI-A-CISTERNA1-635x422.jpg 635w, https:\/\/www.radioluna.it\/news\/wp-content\/uploads\/2015\/11\/SOCCORSI-A-CISTERNA1.jpg 800w\" sizes=\"auto, (max-width: 300px) 100vw, 300px\" \/><\/a>CISTERNA &#8211; <\/strong>Questa mattina i tecnici di Comune, Ater, Protezione civile e l\u2019assessore ai Servizi Sociali \u00a0Viviana Agnani hanno fatto un nuovo sopralluogo negli appartamenti della scala I del palazzo di via Falcone per verificare lo stato di tutto l\u2019immobile dopo il rogo divampatomercoled\u00ec sera.<\/p>\n<p style=\"text-align: justify;\">Il Comune ha fornito agli inquilini tute e mascherine necessarie ai condomini per entrare negli appartamenti e recuperare ulteriori effetti personali, accompagnati dai volontari della Protezione civile.\u00a0Inoltre, l\u2019Ente ha redatto un vademecum, distribuito tra gli inquilini, per fornire regole di sicurezza e comportamento da seguire in casi di post incendio.<\/p>\n<p style=\"text-align: justify;\">Ieri pomeriggio l\u2019amministrazione comunale, con delibera di giunta, ha sbloccato dal fondo di riserva per le emergenze le somme necessarie a garantire vitto, alloggio ed un\u2019ordinaria quotidianit\u00e0 ai cittadini colpiti dall\u2019incidente.\u00a0Intanto, la catena di solidariet\u00e0 cisternese si fa sempre pi\u00f9 lunga: sono sempre di pi\u00f9, infatti, i volontari delle associazioni che stanno collaborando alle attivit\u00e0 di aiuto delle persone in difficolt\u00e0.<\/p>\n<p style=\"text-align: justify;\">Presso la struttura Caritas di Piazza XIX Marzo \u00a0si stanno servendo pasti straordinari (pranzo e cena) per le famiglie di via Falcone.\u00a0Nel Centro Polivalente di San Valentino \u00e8 stato allestito un punto di accoglienza dove i concittadini che non possono rientrare nei propri appartamenti potranno pernottare. In alcuni casi straordinari, i Servizi sociali hanno disposto l\u2019alloggio presso strutture alberghiere private.<\/p>\n<p>\u201cNon smetteremo mai di ringraziare i volontari, le associazioni, le aziende e tutti gli altri cittadini che si stanno prodigando per aiutare le famiglie di via Falcone \u2013 commenta il sindaco, Eleonora Della Penna \u2013 Famiglie, queste, che stanno affrontando l\u2019emergenza con grande dignit\u00e0 e coraggio, con profondo spirito di collaborazione, fondamentale per risolvere tutte le problematiche conseguenti all\u2019incendio e al ripristino dell\u2019ordinaria quotidianit\u00e0. Il rapporto con l\u2019Ater, proprietario dell\u2019immobile, \u00e8 costante e continuo oltre che di piena collaborazione.\u00a0 Auspichiamo, quindi, un ripristino dei luoghi colpiti dalle fiamme in tempi adeguati\u201d.<\/p>\n<p style=\"text-align: justify;\">Molti i conferimenti di generi di prima necessit\u00e0 presso il punto di raccolta allestito presso la chiesa di San Valentino.\u00a0La Croce Rossa, che sta coordinando le associazioni nei diversi servizi offerti, ha messo a disposizione un conto corrente bancario dove poter donare somme in favore delle famiglie di via Falcone, Iban IT21G0832773950000000004780 (Emergenza via Falcone, Cisterna).<\/p>\n<p style=\"text-align: justify;\">Per aiutare le famiglie di via Falcone i numeri utili da chiamare sono CROCE ROSSA 3346004150 e SEGRETERIA SINDACO 0696834282 \u2013 0696834300 -0696834246.<\/p>\n<p style=\"text-align: justify;\">\n<p>&nbsp;<\/p>\n<div class=\"radio-posizionamento-telefono-in-articoli-dopo-il-contenuto-articolo radio-entity-placement\" id=\"radio-4286783555\"><div id=\"radio-1435898697\"><a href=\"https:\/\/www.simeoneceramiche.com\/\" aria-label=\"SIMEONE CERAMICHE GIF animata per radioluna_Tavola disegno 1 copia 2 (online-video-cutter.com)\"><img loading=\"lazy\" decoding=\"async\" src=\"https:\/\/www.radioluna.it\/news\/wp-content\/uploads\/2025\/05\/SIMEONE-CERAMICHE-GIF-animata-per-radioluna_Tavola-disegno-1-copia-2-online-video-cutter.com_.gif\" alt=\"\"  width=\"300\" height=\"250\"   \/><\/a><\/div><\/div>","protected":false},"excerpt":{"rendered":"<p>CISTERNA &#8211; Questa mattina i tecnici di Comune, Ater, Protezione civile e l\u2019assessore ai Servizi Sociali \u00a0Viviana Agnani hanno fatto un nuovo sopralluogo negli appartamenti della scala I del palazzo di via Falcone per verificare lo stato di tutto l\u2019immobile dopo il rogo divampatomercoled\u00ec sera. Il Comune ha fornito agli inquilini tute e mascherine necessarie [&hellip;]<\/p>\n","protected":false},"author":60,"featured_media":170368,"comment_status":"open","ping_status":"closed","sticky":false,"template":"","format":"standard","meta":{"footnotes":""},"categories":[7],"tags":[],"class_list":["post-170425","post","type-post","status-publish","format-standard","has-post-thumbnail","hentry","category-cronaca"],"_links":{"self":[{"href":"https:\/\/www.radioluna.it\/news\/wp-json\/wp\/v2\/posts\/170425","targetHints":{"allow":["GET"]}}],"collection":[{"href":"https:\/\/www.radioluna.it\/news\/wp-json\/wp\/v2\/posts"}],"about":[{"href":"https:\/\/www.radioluna.it\/news\/wp-json\/wp\/v2\/types\/post"}],"author":[{"embeddable":true,"href":"https:\/\/www.radioluna.it\/news\/wp-json\/wp\/v2\/users\/60"}],"replies":[{"embeddable":true,"href":"https:\/\/www.radioluna.it\/news\/wp-json\/wp\/v2\/comments?post=170425"}],"version-history":[{"count":0,"href":"https:\/\/www.radioluna.it\/news\/wp-json\/wp\/v2\/posts\/170425\/revisions"}],"wp:featuredmedia":[{"embeddable":true,"href":"https:\/\/www.radioluna.it\/news\/wp-json\/wp\/v2\/media\/170368"}],"wp:attachment":[{"href":"https:\/\/www.radioluna.it\/news\/wp-json\/wp\/v2\/media?parent=170425"}],"wp:term":[{"taxonomy":"category","embeddable":true,"href":"https:\/\/www.radioluna.it\/news\/wp-json\/wp\/v2\/categories?post=170425"},{"taxonomy":"post_tag","embeddable":true,"href":"https:\/\/www.radioluna.it\/news\/wp-json\/wp\/v2\/tags?post=170425"}],"curies":[{"name":"wp","href":"https:\/\/api.w.org\/{rel}","templated":true}]}}