{"id":170494,"date":"2015-11-09T10:32:09","date_gmt":"2015-11-09T09:32:09","guid":{"rendered":"http:\/\/www.radioluna.it\/news\/?p=170494"},"modified":"2015-11-09T15:36:21","modified_gmt":"2015-11-09T14:36:21","slug":"scalette-della-questura-il-luogo-di-ritrovo-ora-e-recintato","status":"publish","type":"post","link":"https:\/\/www.radioluna.it\/news\/2015\/11\/scalette-della-questura-il-luogo-di-ritrovo-ora-e-recintato\/","title":{"rendered":"Scalette della Questura, il luogo di ritrovo ora \u00e8 recintato"},"content":{"rendered":"<div id=\"fb-root\"><\/div>\n<p style=\"text-align: justify;\"><a href=\"http:\/\/www.radioluna.it\/news\/wp-content\/uploads\/2015\/11\/scale-questura.jpg\"><img loading=\"lazy\" decoding=\"async\" class=\"aligncenter size-thumbnail wp-image-170495\" src=\"http:\/\/www.radioluna.it\/news\/wp-content\/uploads\/2015\/11\/scale-questura-635x357.jpg\" alt=\"scale questura\" width=\"635\" height=\"357\" srcset=\"https:\/\/www.radioluna.it\/news\/wp-content\/uploads\/2015\/11\/scale-questura-635x357.jpg 635w, https:\/\/www.radioluna.it\/news\/wp-content\/uploads\/2015\/11\/scale-questura-768x432.jpg 768w, https:\/\/www.radioluna.it\/news\/wp-content\/uploads\/2015\/11\/scale-questura-500x281.jpg 500w, https:\/\/www.radioluna.it\/news\/wp-content\/uploads\/2015\/11\/scale-questura-300x169.jpg 300w, https:\/\/www.radioluna.it\/news\/wp-content\/uploads\/2015\/11\/scale-questura-1024x576.jpg 1024w, https:\/\/www.radioluna.it\/news\/wp-content\/uploads\/2015\/11\/scale-questura-800x450.jpg 800w, https:\/\/www.radioluna.it\/news\/wp-content\/uploads\/2015\/11\/scale-questura.jpg 1000w\" sizes=\"auto, (max-width: 635px) 100vw, 635px\" \/><\/a><strong>LATINA<\/strong> &#8211; Paletti e catene cingono da qualche giorno le scale della Questura di Latina, sul lato che si affaccia su Piazza Roma e che da qualche tempo \u00e8 diventato luogo di incontro dei ragazzi. La novit\u00e0 \u00e8 comparsa nel fine settimana ed \u00e8 per ora un chiaro invito a sedersi altrove. Ragioni di sicurezza, ma anche di decoro hanno guidato la decisione che, a giudicare dallo stato di alcuni paletti, non \u00e8 piaciuta granch\u00e9.<\/p>\n","protected":false},"excerpt":{"rendered":"<p>LATINA &#8211; Paletti e catene cingono da qualche giorno le scale della Questura di Latina, sul lato che si affaccia su Piazza Roma e che da qualche tempo \u00e8 diventato luogo di incontro dei ragazzi. La novit\u00e0 \u00e8 comparsa nel fine settimana ed \u00e8 per ora un chiaro invito a sedersi altrove. Ragioni di sicurezza, [&hellip;]<\/p>\n","protected":false},"author":62,"featured_media":170495,"comment_status":"open","ping_status":"closed","sticky":false,"template":"","format":"standard","meta":{"footnotes":""},"categories":[7],"tags":[],"class_list":["post-170494","post","type-post","status-publish","format-standard","has-post-thumbnail","hentry","category-cronaca"],"_links":{"self":[{"href":"https:\/\/www.radioluna.it\/news\/wp-json\/wp\/v2\/posts\/170494","targetHints":{"allow":["GET"]}}],"collection":[{"href":"https:\/\/www.radioluna.it\/news\/wp-json\/wp\/v2\/posts"}],"about":[{"href":"https:\/\/www.radioluna.it\/news\/wp-json\/wp\/v2\/types\/post"}],"author":[{"embeddable":true,"href":"https:\/\/www.radioluna.it\/news\/wp-json\/wp\/v2\/users\/62"}],"replies":[{"embeddable":true,"href":"https:\/\/www.radioluna.it\/news\/wp-json\/wp\/v2\/comments?post=170494"}],"version-history":[{"count":0,"href":"https:\/\/www.radioluna.it\/news\/wp-json\/wp\/v2\/posts\/170494\/revisions"}],"wp:featuredmedia":[{"embeddable":true,"href":"https:\/\/www.radioluna.it\/news\/wp-json\/wp\/v2\/media\/170495"}],"wp:attachment":[{"href":"https:\/\/www.radioluna.it\/news\/wp-json\/wp\/v2\/media?parent=170494"}],"wp:term":[{"taxonomy":"category","embeddable":true,"href":"https:\/\/www.radioluna.it\/news\/wp-json\/wp\/v2\/categories?post=170494"},{"taxonomy":"post_tag","embeddable":true,"href":"https:\/\/www.radioluna.it\/news\/wp-json\/wp\/v2\/tags?post=170494"}],"curies":[{"name":"wp","href":"https:\/\/api.w.org\/{rel}","templated":true}]}}