{"id":170564,"date":"2015-11-10T09:58:19","date_gmt":"2015-11-10T08:58:19","guid":{"rendered":"http:\/\/www.radioluna.it\/news\/?p=170564"},"modified":"2015-11-11T22:19:48","modified_gmt":"2015-11-11T21:19:48","slug":"instammammetour-il-contest-fotografico-dedicato-alla-famiglia","status":"publish","type":"post","link":"https:\/\/www.radioluna.it\/news\/2015\/11\/instammammetour-il-contest-fotografico-dedicato-alla-famiglia\/","title":{"rendered":"#instammammetour il contest fotografico dedicato alla famiglia"},"content":{"rendered":"<div id=\"fb-root\"><\/div>\n<p style=\"text-align: justify;\"><a href=\"http:\/\/www.radioluna.it\/news\/wp-content\/uploads\/2015\/11\/instamamme.jpg\"><img loading=\"lazy\" decoding=\"async\" class=\"aligncenter  wp-image-170565\" src=\"http:\/\/www.radioluna.it\/news\/wp-content\/uploads\/2015\/11\/instamamme.jpg\" alt=\"instamamme\" width=\"635\" height=\"698\" srcset=\"https:\/\/www.radioluna.it\/news\/wp-content\/uploads\/2015\/11\/instamamme.jpg 641w, https:\/\/www.radioluna.it\/news\/wp-content\/uploads\/2015\/11\/instamamme-500x550.jpg 500w, https:\/\/www.radioluna.it\/news\/wp-content\/uploads\/2015\/11\/instamamme-273x300.jpg 273w, https:\/\/www.radioluna.it\/news\/wp-content\/uploads\/2015\/11\/instamamme-635x698.jpg 635w, https:\/\/www.radioluna.it\/news\/wp-content\/uploads\/2015\/11\/instamamme-300x330.jpg 300w\" sizes=\"auto, (max-width: 635px) 100vw, 635px\" \/><\/a><\/p>\n<p style=\"text-align: justify;\">Cos\u2019\u00e8 <strong>#instamammeontour<\/strong>? \u00c8 un Contest che si svolge in uno Studio Fotografico e dedicato al legame mamma e figli&#8230;.pap\u00e0 e bimbi &#8230;.intera famiglia&#8230;.. ai nonni e nipoti &#8230;.per un ricordo che duri una vita affinch\u00e9 le espressioni dei nostri ragazzi siano per sempre.<br \/>\nCon <strong>#instamammeontour<\/strong> avrete a disposizione, un set fotografico professionale, due super fotografi Antonio Spirito e\u00a0Andrea Massarenti, molto simpatici, pazienti in grado di mettere chiunque a proprio agio davanti l\u2019obiettivo, le coccole di\u00a0Antonella Macali\u00a0hair style e il suo staff di <a href=\"https:\/\/www.facebook.com\/hashtag\/quarantaduehaircouture\" target=\"_blank\">Quarantaduie Hair Couture<\/a> oltre ad alcune truccatrici che si alterneranno nelle varie date, insomma uno SHOOTING vero e proprio per delle foto da Incorniciare!<br \/>\nDomenica 22 novembre la prossima data\u00a0del contest #<strong>INSTAMAMMEONTOUR<\/strong><br \/>\nI partecipanti avranno circa 15\/20 foto su cd rom selezionate e post-prodotte dallo Studio Fotografico.<br \/>\n<strong>SI SCATTA SU APPUNTAMENTO<\/strong> e previa quota di iscrizione.<br \/>\nLa durata di ciascun appuntamento \u00e8 di circa 1 ora e 1\/2.<br \/>\nPer info e prenotazioni 339\/8818720 Alessia, 335\/1429292 Ilaria.<\/p>\n","protected":false},"excerpt":{"rendered":"<p>Cos\u2019\u00e8 #instamammeontour? \u00c8 un Contest che si svolge in uno Studio Fotografico e dedicato al legame mamma e figli&#8230;.pap\u00e0 e bimbi &#8230;.intera famiglia&#8230;.. ai nonni e nipoti &#8230;.per un ricordo che duri una vita affinch\u00e9 le espressioni dei nostri ragazzi siano per sempre. Con #instamammeontour avrete a disposizione, un set fotografico professionale, due super fotografi [&hellip;]<\/p>\n","protected":false},"author":60,"featured_media":170565,"comment_status":"open","ping_status":"closed","sticky":false,"template":"","format":"standard","meta":{"footnotes":""},"categories":[16],"tags":[],"class_list":["post-170564","post","type-post","status-publish","format-standard","has-post-thumbnail","hentry","category-appuntamenti"],"_links":{"self":[{"href":"https:\/\/www.radioluna.it\/news\/wp-json\/wp\/v2\/posts\/170564","targetHints":{"allow":["GET"]}}],"collection":[{"href":"https:\/\/www.radioluna.it\/news\/wp-json\/wp\/v2\/posts"}],"about":[{"href":"https:\/\/www.radioluna.it\/news\/wp-json\/wp\/v2\/types\/post"}],"author":[{"embeddable":true,"href":"https:\/\/www.radioluna.it\/news\/wp-json\/wp\/v2\/users\/60"}],"replies":[{"embeddable":true,"href":"https:\/\/www.radioluna.it\/news\/wp-json\/wp\/v2\/comments?post=170564"}],"version-history":[{"count":0,"href":"https:\/\/www.radioluna.it\/news\/wp-json\/wp\/v2\/posts\/170564\/revisions"}],"wp:featuredmedia":[{"embeddable":true,"href":"https:\/\/www.radioluna.it\/news\/wp-json\/wp\/v2\/media\/170565"}],"wp:attachment":[{"href":"https:\/\/www.radioluna.it\/news\/wp-json\/wp\/v2\/media?parent=170564"}],"wp:term":[{"taxonomy":"category","embeddable":true,"href":"https:\/\/www.radioluna.it\/news\/wp-json\/wp\/v2\/categories?post=170564"},{"taxonomy":"post_tag","embeddable":true,"href":"https:\/\/www.radioluna.it\/news\/wp-json\/wp\/v2\/tags?post=170564"}],"curies":[{"name":"wp","href":"https:\/\/api.w.org\/{rel}","templated":true}]}}