{"id":170723,"date":"2015-11-13T18:14:52","date_gmt":"2015-11-13T17:14:52","guid":{"rendered":"http:\/\/www.radioluna.it\/news\/?p=170723"},"modified":"2015-11-13T18:14:52","modified_gmt":"2015-11-13T17:14:52","slug":"guerra-del-latte-dossier-sui-prezzi-esaminato-dallantitrust","status":"publish","type":"post","link":"https:\/\/www.radioluna.it\/news\/2015\/11\/guerra-del-latte-dossier-sui-prezzi-esaminato-dallantitrust\/","title":{"rendered":"Guerra del latte: dossier sui prezzi esaminato dall&#8217;Antitrust"},"content":{"rendered":"<div id=\"fb-root\"><\/div>\n<div id=\"attachment_126960\" style=\"width: 266px\" class=\"wp-caption alignleft\"><a href=\"http:\/\/www.radioluna.it\/news\/wp-content\/uploads\/2012\/10\/latte.jpg\"><img loading=\"lazy\" decoding=\"async\" aria-describedby=\"caption-attachment-126960\" class=\"size-full wp-image-126960\" src=\"http:\/\/www.radioluna.it\/news\/wp-content\/uploads\/2012\/10\/latte.jpg\" alt=\"Vertenza latte\" width=\"256\" height=\"192\" \/><\/a><p id=\"caption-attachment-126960\" class=\"wp-caption-text\">Vertenza latte<\/p><\/div>\n<p style=\"text-align: justify;\"><strong>LATINA<\/strong> &#8211;\u00a0Il dossier sullo squilibrio contrattuale nella filiera del latte tra produttori e industrie della trasformazione, corredato da una sintesi dei costi di produzione e dei prezzi al consumo, \u00e8 stato consegnato alla Autorit\u00e0 Garante della Concorrenza e del Mercato (Agcom). I vertici dell\u2019Antitrust hanno assicurato il rapido esame della pratica, impegnandosi a concludere la verifica entro i primi giorni di dicembre.<\/p>\n<p style=\"text-align: justify;\">Questo il risultato del presidio cui hanno partecipato centinaia di allevatori (partiti da Latina, Frosinone, Viterbo e Rieti) andato in scena a Roma, in piazza Verdi, davanti la sede di Agcom.<\/p>\n<p style=\"text-align: justify;\">La protesta \u00e8 stata indetta da Coldiretti dopo il fallimento del tavolo della trattativa presso il Ministero delle Politiche Agricole dove gli industriali avevano offerto 1 centesimo di aumento per il latte alla stalla, provocando la dura reazione dei rappresentanti degli allevatori. &#8220;La proposta di 1 centesimo &#8211; si legge nella nota della Coldiretti &#8211; \u00a0\u00e8 stata considerata come provocazione frutto dello strapotere della multinazionale francese Lactalis che, dopo aver acquisito i popolari marchi Parmalat, Invernizzi, Galbani, Locatelli, Cademartori \u00e8 diventata il primo gruppo sul mercato italiano e mondiale nei prodotti lattiero-caseari. Lactalis detiene nel nostro paese il 33% del latte a lunga conservazione, il 34% del mercato della mozzarella, il 37% del mercato dei formaggi freschi (con un volume di fatturato italiano di 1,4 miliardi di euro). Il primo obiettivo della guerra del latte dichiarata dalla Coldiretti \u00e8 il riconoscimento di un adeguato valore al latte munto nelle nostre stalle, che \u00e8 in assoluto il pi\u00f9 controllato, il primo per qualit\u00e0, ma anche il pi\u00f9 sottopagato rispetto ai costi di produzione&#8221;.<\/p>\n<p style=\"text-align: justify;\">&#8220;Non meno importante l\u2019ottenimento della legge che introduca l\u2019obbligo di indicare in etichetta, sulle confezioni di latte, mozzarelle e formaggi la provenienza della materia prima. Ai consumatori vengono venduti prodotti spacciati per italiani, ma che italiani non sono al 100%. A fronte di una produzione nazionale di 110 milioni di quintali di latte, sono 85 i milioni di quintali importati. Indicare obbligatoriamente l\u2019origine del latte in etichetta significa tutelare il prodotto italiano e consentire ai consumatori di scegliere e acquistare in un regime di totale trasparenza e piena consapevolezza&#8221;.<\/p>\n<div class=\"radio-posizionamento-telefono-in-articoli-dopo-il-contenuto-articolo radio-entity-placement\" id=\"radio-900786322\"><div id=\"radio-2736899870\"><a href=\"https:\/\/grupporedi.it\/\" aria-label=\"Redi-Qr\"><img loading=\"lazy\" decoding=\"async\" src=\"https:\/\/www.radioluna.it\/news\/wp-content\/uploads\/2026\/03\/Redi-Qr.jpg\" alt=\"\"  srcset=\"https:\/\/www.radioluna.it\/news\/wp-content\/uploads\/2026\/03\/Redi-Qr.jpg 800w, https:\/\/www.radioluna.it\/news\/wp-content\/uploads\/2026\/03\/Redi-Qr-768x639.jpg 768w\" sizes=\"(max-width: 800px) 100vw, 800px\" width=\"300\" height=\"250\"   \/><\/a><\/div><\/div>","protected":false},"excerpt":{"rendered":"<p>LATINA &#8211;\u00a0Il dossier sullo squilibrio contrattuale nella filiera del latte tra produttori e industrie della trasformazione, corredato da una sintesi dei costi di produzione e dei prezzi al consumo, \u00e8 stato consegnato alla Autorit\u00e0 Garante della Concorrenza e del Mercato (Agcom). I vertici dell\u2019Antitrust hanno assicurato il rapido esame della pratica, impegnandosi a concludere la [&hellip;]<\/p>\n","protected":false},"author":60,"featured_media":126960,"comment_status":"open","ping_status":"closed","sticky":false,"template":"","format":"standard","meta":{"footnotes":""},"categories":[11],"tags":[],"class_list":["post-170723","post","type-post","status-publish","format-standard","has-post-thumbnail","hentry","category-economia"],"_links":{"self":[{"href":"https:\/\/www.radioluna.it\/news\/wp-json\/wp\/v2\/posts\/170723","targetHints":{"allow":["GET"]}}],"collection":[{"href":"https:\/\/www.radioluna.it\/news\/wp-json\/wp\/v2\/posts"}],"about":[{"href":"https:\/\/www.radioluna.it\/news\/wp-json\/wp\/v2\/types\/post"}],"author":[{"embeddable":true,"href":"https:\/\/www.radioluna.it\/news\/wp-json\/wp\/v2\/users\/60"}],"replies":[{"embeddable":true,"href":"https:\/\/www.radioluna.it\/news\/wp-json\/wp\/v2\/comments?post=170723"}],"version-history":[{"count":0,"href":"https:\/\/www.radioluna.it\/news\/wp-json\/wp\/v2\/posts\/170723\/revisions"}],"wp:featuredmedia":[{"embeddable":true,"href":"https:\/\/www.radioluna.it\/news\/wp-json\/wp\/v2\/media\/126960"}],"wp:attachment":[{"href":"https:\/\/www.radioluna.it\/news\/wp-json\/wp\/v2\/media?parent=170723"}],"wp:term":[{"taxonomy":"category","embeddable":true,"href":"https:\/\/www.radioluna.it\/news\/wp-json\/wp\/v2\/categories?post=170723"},{"taxonomy":"post_tag","embeddable":true,"href":"https:\/\/www.radioluna.it\/news\/wp-json\/wp\/v2\/tags?post=170723"}],"curies":[{"name":"wp","href":"https:\/\/api.w.org\/{rel}","templated":true}]}}