{"id":170918,"date":"2015-11-18T19:48:57","date_gmt":"2015-11-18T18:48:57","guid":{"rendered":"http:\/\/www.radioluna.it\/news\/?p=170918"},"modified":"2015-11-18T19:48:57","modified_gmt":"2015-11-18T18:48:57","slug":"calcio-in-amichevole-il-latina-batte-il-montello","status":"publish","type":"post","link":"https:\/\/www.radioluna.it\/news\/2015\/11\/calcio-in-amichevole-il-latina-batte-il-montello\/","title":{"rendered":"Calcio, in amichevole il Latina batte il Montello"},"content":{"rendered":"<div id=\"fb-root\"><\/div>\n<div style=\"text-align: justify;\"><strong><a href=\"http:\/\/www.radioluna.it\/news\/wp-content\/uploads\/2015\/11\/mario-somma-latina-calcio.jpg\"><img loading=\"lazy\" decoding=\"async\" class=\" size-medium wp-image-170618 alignleft\" src=\"http:\/\/www.radioluna.it\/news\/wp-content\/uploads\/2015\/11\/mario-somma-latina-calcio-300x200.jpg\" alt=\"mario somma latina calcio\" width=\"300\" height=\"200\" srcset=\"https:\/\/www.radioluna.it\/news\/wp-content\/uploads\/2015\/11\/mario-somma-latina-calcio-300x200.jpg 300w, https:\/\/www.radioluna.it\/news\/wp-content\/uploads\/2015\/11\/mario-somma-latina-calcio-768x511.jpg 768w, https:\/\/www.radioluna.it\/news\/wp-content\/uploads\/2015\/11\/mario-somma-latina-calcio-500x333.jpg 500w, https:\/\/www.radioluna.it\/news\/wp-content\/uploads\/2015\/11\/mario-somma-latina-calcio-600x400.jpg 600w, https:\/\/www.radioluna.it\/news\/wp-content\/uploads\/2015\/11\/mario-somma-latina-calcio-635x422.jpg 635w, https:\/\/www.radioluna.it\/news\/wp-content\/uploads\/2015\/11\/mario-somma-latina-calcio.jpg 800w\" sizes=\"auto, (max-width: 300px) 100vw, 300px\" \/><\/a>LATINA<\/strong> &#8211; In un test in vista della sfida di sabato contro la Salernitana il Latina ha battuto per 8-1 il Montello, formazione che milita nel campionato di Prima Categoria, in gol per due volte Jefferson, Acosty e poi Talamo, Schiattarella, Brosco e Corvia. In porta i nerazzurri hanno provato il giovane argentino Juan Cruz Curzi. Per il Montello la rete della bandiera \u00e8 stata siglata da Perica. Nella prossima sfida il tecnico Mario Somma dovr\u00e0 fare a meno del portiere Di Gennaro che sar\u00e0 sostituito tra i pali da Farelli e poi non ci sar\u00e0 Olivera squalificato.<\/div>\n<div style=\"text-align: justify;\"><\/div>\n<div class=\"radio-posizionamento-telefono-in-articoli-dopo-il-contenuto-articolo radio-entity-placement\" id=\"radio-2671370893\"><div id=\"radio-2115250273\"><a href=\"https:\/\/grupporedi.it\/\" aria-label=\"Redi-Qr\"><img loading=\"lazy\" decoding=\"async\" src=\"https:\/\/www.radioluna.it\/news\/wp-content\/uploads\/2026\/03\/Redi-Qr.jpg\" alt=\"\"  srcset=\"https:\/\/www.radioluna.it\/news\/wp-content\/uploads\/2026\/03\/Redi-Qr.jpg 800w, https:\/\/www.radioluna.it\/news\/wp-content\/uploads\/2026\/03\/Redi-Qr-768x639.jpg 768w\" sizes=\"(max-width: 800px) 100vw, 800px\" width=\"300\" height=\"250\"   \/><\/a><\/div><\/div>","protected":false},"excerpt":{"rendered":"<p>LATINA &#8211; In un test in vista della sfida di sabato contro la Salernitana il Latina ha battuto per 8-1 il Montello, formazione che milita nel campionato di Prima Categoria, in gol per due volte Jefferson, Acosty e poi Talamo, Schiattarella, Brosco e Corvia. In porta i nerazzurri hanno provato il giovane argentino Juan Cruz [&hellip;]<\/p>\n","protected":false},"author":60,"featured_media":170618,"comment_status":"open","ping_status":"closed","sticky":false,"template":"","format":"standard","meta":{"footnotes":""},"categories":[17],"tags":[],"class_list":["post-170918","post","type-post","status-publish","format-standard","has-post-thumbnail","hentry","category-sport"],"_links":{"self":[{"href":"https:\/\/www.radioluna.it\/news\/wp-json\/wp\/v2\/posts\/170918","targetHints":{"allow":["GET"]}}],"collection":[{"href":"https:\/\/www.radioluna.it\/news\/wp-json\/wp\/v2\/posts"}],"about":[{"href":"https:\/\/www.radioluna.it\/news\/wp-json\/wp\/v2\/types\/post"}],"author":[{"embeddable":true,"href":"https:\/\/www.radioluna.it\/news\/wp-json\/wp\/v2\/users\/60"}],"replies":[{"embeddable":true,"href":"https:\/\/www.radioluna.it\/news\/wp-json\/wp\/v2\/comments?post=170918"}],"version-history":[{"count":0,"href":"https:\/\/www.radioluna.it\/news\/wp-json\/wp\/v2\/posts\/170918\/revisions"}],"wp:featuredmedia":[{"embeddable":true,"href":"https:\/\/www.radioluna.it\/news\/wp-json\/wp\/v2\/media\/170618"}],"wp:attachment":[{"href":"https:\/\/www.radioluna.it\/news\/wp-json\/wp\/v2\/media?parent=170918"}],"wp:term":[{"taxonomy":"category","embeddable":true,"href":"https:\/\/www.radioluna.it\/news\/wp-json\/wp\/v2\/categories?post=170918"},{"taxonomy":"post_tag","embeddable":true,"href":"https:\/\/www.radioluna.it\/news\/wp-json\/wp\/v2\/tags?post=170918"}],"curies":[{"name":"wp","href":"https:\/\/api.w.org\/{rel}","templated":true}]}}