{"id":170986,"date":"2015-11-20T09:15:24","date_gmt":"2015-11-20T08:15:24","guid":{"rendered":"http:\/\/www.radioluna.it\/news\/?p=170986"},"modified":"2023-05-27T11:30:30","modified_gmt":"2023-05-27T09:30:30","slug":"camilla-una-vita-da-missionaria","status":"publish","type":"post","link":"https:\/\/www.radioluna.it\/news\/2015\/11\/camilla-una-vita-da-missionaria\/","title":{"rendered":"Camilla, una vita da missionaria"},"content":{"rendered":"<div id=\"fb-root\"><\/div>\n<p style=\"text-align: justify;\"><a href=\"https:\/\/www.radioluna.it\/news\/wp-content\/uploads\/2015\/11\/camilla.jpg\"><img loading=\"lazy\" decoding=\"async\" class=\"alignleft size-medium wp-image-170987\" src=\"https:\/\/www.radioluna.it\/news\/wp-content\/uploads\/2015\/11\/camilla-214x300.jpg\" alt=\"camilla\" width=\"214\" height=\"300\" srcset=\"https:\/\/www.radioluna.it\/news\/wp-content\/uploads\/2015\/11\/camilla-214x300.jpg 214w, https:\/\/www.radioluna.it\/news\/wp-content\/uploads\/2015\/11\/camilla-768x1075.jpg 768w, https:\/\/www.radioluna.it\/news\/wp-content\/uploads\/2015\/11\/camilla-500x700.jpg 500w, https:\/\/www.radioluna.it\/news\/wp-content\/uploads\/2015\/11\/camilla-732x1024.jpg 732w, https:\/\/www.radioluna.it\/news\/wp-content\/uploads\/2015\/11\/camilla-635x889.jpg 635w, https:\/\/www.radioluna.it\/news\/wp-content\/uploads\/2015\/11\/camilla-800x1120.jpg 800w, https:\/\/www.radioluna.it\/news\/wp-content\/uploads\/2015\/11\/camilla-300x420.jpg 300w, https:\/\/www.radioluna.it\/news\/wp-content\/uploads\/2015\/11\/camilla.jpg 1000w\" sizes=\"auto, (max-width: 214px) 100vw, 214px\" \/><\/a>LATINA &#8211; Camilla aveva vent&#8217;anni quando part\u00ec da Latina per diventare missionaria, non si \u00e8 mai pentita e da quel giorno \u00e8 passato mezzo secolo.<\/p>\n<p style=\"text-align: justify;\">Oggi, lo scrittore, giornalista e dirigente scolastico Sergio Andreatta, racconta in &#8220;Camilla, Missione Esmeraldas&#8221; (Aurore ed.), la storia di sua sorella, una \u00a0suora comboniana che opera in Sudamerica, in una periferia del mondo, al servizio dei ni\u00f1os.<\/p>\n<p>Il ricavato del libro, con una prefazione di Padre Giulio Albanese e corredato da 40 fotografie, sar\u00e0 devoluto per la causa.<\/p>\n<p>&nbsp;<\/p>\n<p style=\"text-align: justify;\">\u00a0<span style=\"line-height: 1.5;\">Ascolta<\/span><\/p>\n<audio class=\"wp-audio-shortcode\" id=\"audio-170986-1\" preload=\"none\" style=\"width: 100%;\" controls=\"controls\"><source type=\"audio\/mpeg\" src=\"https:\/\/www.radioluna.it\/news\/wp-content\/uploads\/2015\/11\/qui-latina-sergio-andreatta.mp3?_=1\" \/><a href=\"https:\/\/www.radioluna.it\/news\/wp-content\/uploads\/2015\/11\/qui-latina-sergio-andreatta.mp3\">https:\/\/www.radioluna.it\/news\/wp-content\/uploads\/2015\/11\/qui-latina-sergio-andreatta.mp3<\/a><\/audio>\n<div class=\"radio-posizionamento-telefono-in-articoli-dopo-il-contenuto-articolo radio-entity-placement\" id=\"radio-119757794\"><div id=\"radio-1115115847\"><a href=\"https:\/\/grupporedi.it\/\" aria-label=\"Redi-Qr\"><img loading=\"lazy\" decoding=\"async\" src=\"https:\/\/www.radioluna.it\/news\/wp-content\/uploads\/2026\/03\/Redi-Qr.jpg\" alt=\"\"  srcset=\"https:\/\/www.radioluna.it\/news\/wp-content\/uploads\/2026\/03\/Redi-Qr.jpg 800w, https:\/\/www.radioluna.it\/news\/wp-content\/uploads\/2026\/03\/Redi-Qr-768x639.jpg 768w\" sizes=\"(max-width: 800px) 100vw, 800px\" width=\"300\" height=\"250\"   \/><\/a><\/div><\/div>","protected":false},"excerpt":{"rendered":"<p>LATINA &#8211; Camilla aveva vent&#8217;anni quando part\u00ec da Latina per diventare missionaria, non si \u00e8 mai pentita e da quel giorno \u00e8 passato mezzo secolo. Oggi, lo scrittore, giornalista e dirigente scolastico Sergio Andreatta, racconta in &#8220;Camilla, Missione Esmeraldas&#8221; (Aurore ed.), la storia di sua sorella, una \u00a0suora comboniana che opera in Sudamerica, in una [&hellip;]<\/p>\n","protected":false},"author":62,"featured_media":21034,"comment_status":"open","ping_status":"closed","sticky":false,"template":"","format":"standard","meta":{"footnotes":""},"categories":[735,2310,2424],"tags":[],"class_list":["post-170986","post","type-post","status-publish","format-standard","has-post-thumbnail","hentry","category-attualita","category-audio","category-i-nostri-libri"],"_links":{"self":[{"href":"https:\/\/www.radioluna.it\/news\/wp-json\/wp\/v2\/posts\/170986","targetHints":{"allow":["GET"]}}],"collection":[{"href":"https:\/\/www.radioluna.it\/news\/wp-json\/wp\/v2\/posts"}],"about":[{"href":"https:\/\/www.radioluna.it\/news\/wp-json\/wp\/v2\/types\/post"}],"author":[{"embeddable":true,"href":"https:\/\/www.radioluna.it\/news\/wp-json\/wp\/v2\/users\/62"}],"replies":[{"embeddable":true,"href":"https:\/\/www.radioluna.it\/news\/wp-json\/wp\/v2\/comments?post=170986"}],"version-history":[{"count":0,"href":"https:\/\/www.radioluna.it\/news\/wp-json\/wp\/v2\/posts\/170986\/revisions"}],"wp:featuredmedia":[{"embeddable":true,"href":"https:\/\/www.radioluna.it\/news\/wp-json\/wp\/v2\/media\/21034"}],"wp:attachment":[{"href":"https:\/\/www.radioluna.it\/news\/wp-json\/wp\/v2\/media?parent=170986"}],"wp:term":[{"taxonomy":"category","embeddable":true,"href":"https:\/\/www.radioluna.it\/news\/wp-json\/wp\/v2\/categories?post=170986"},{"taxonomy":"post_tag","embeddable":true,"href":"https:\/\/www.radioluna.it\/news\/wp-json\/wp\/v2\/tags?post=170986"}],"curies":[{"name":"wp","href":"https:\/\/api.w.org\/{rel}","templated":true}]}}