{"id":171118,"date":"2015-11-23T20:10:52","date_gmt":"2015-11-23T19:10:52","guid":{"rendered":"http:\/\/www.radioluna.it\/news\/?p=171118"},"modified":"2015-11-24T10:25:16","modified_gmt":"2015-11-24T09:25:16","slug":"iovalgo-e-leivale-contro-la-violenza-sulle-donne","status":"publish","type":"post","link":"https:\/\/www.radioluna.it\/news\/2015\/11\/iovalgo-e-leivale-contro-la-violenza-sulle-donne\/","title":{"rendered":"#IOVALGO e #LEIVALE: contro la violenza sulle donne"},"content":{"rendered":"<div id=\"fb-root\"><\/div>\n<p style=\"text-align: justify;\"><strong><a href=\"http:\/\/www.radioluna.it\/news\/wp-content\/uploads\/2015\/11\/io-valgo-2.jpg\"><img loading=\"lazy\" decoding=\"async\" class=\"size-medium wp-image-171119 alignleft\" src=\"http:\/\/www.radioluna.it\/news\/wp-content\/uploads\/2015\/11\/io-valgo-2-200x300.jpg\" alt=\"io valgo 2\" width=\"200\" height=\"300\" srcset=\"https:\/\/www.radioluna.it\/news\/wp-content\/uploads\/2015\/11\/io-valgo-2-200x300.jpg 200w, https:\/\/www.radioluna.it\/news\/wp-content\/uploads\/2015\/11\/io-valgo-2-500x750.jpg 500w, https:\/\/www.radioluna.it\/news\/wp-content\/uploads\/2015\/11\/io-valgo-2-635x953.jpg 635w, https:\/\/www.radioluna.it\/news\/wp-content\/uploads\/2015\/11\/io-valgo-2-300x450.jpg 300w, https:\/\/www.radioluna.it\/news\/wp-content\/uploads\/2015\/11\/io-valgo-2.jpg 640w\" sizes=\"auto, (max-width: 200px) 100vw, 200px\" \/><\/a>LATINA &#8211;<\/strong> La violenza contro le donne purtroppo \u00e8 un fenomeno ancora ampio e diffuso. Secondo l\u2019Istat una donna su tre, tra i 16 e i 70 anni, ha subito nel corso della propria vita una qualche forma di violenza e in tutto sono 6 milioni 788 mila le donne maltrattate. \u00a0Ma il dato forse pi\u00f9 sconcertante \u00e8 rilevare quanto siano ancora troppo poche le donne che, a seguito di un episodio di violenza, denunciano gli abusi alle autorit\u00e0 competenti: 8 vittime su 10 decidono di non parlare sperando di potere risolvere il problema da sole.<\/p>\n<p style=\"text-align: justify;\">Il\u00a025 novembre\u00a0\u00e8 la data scelta, a livello internazionale, per riconfermare l\u2019impegno della Societ\u00e0 Civile ad adoperasi con ogni mezzo per eliminare la violenza fisica, psicologica e verbale contro le donne.<\/p>\n<p style=\"text-align: justify;\">L\u2019associazione Valore Donna, nata a Latina nel 2010 proprio per aiutare le donne vittime di violenza e soprusi, quest&#8217;anno in occasione del 25 Novembre \u00a0ha voluto coinvolgere tutta la citt\u00e0 di Latina per dire &#8220;Stop al femminicidio&#8221;. Bar, ristoranti, pizzerie indosseranno le magliette con l&#8217;#IOVALGO &#8211; #LEIVALE. All&#8217;interno di alcuni esercizi commerciali verr\u00e0 anche proiettato un cortometraggio per la regia della ballerina e coreografa Sonia Onelli direttrice dell&#8217;Accademia Balletto Citt\u00e0 di Latina.<\/p>\n<p style=\"text-align: justify;\">\u201cQuesta volta \u2013 spiega Valentina Pappacena, Presidente dell\u2019Associazione Valore Donna \u2013 non ho voluto organizzare convegni e incontri, come gi\u00e0 fatto in passato, ma ho invece voluto girare un cortometraggio, grazie all\u2019aiuto di Sonia Onelli direttrice, insieme a sua madre\u00a0Loredana Guttoriello,\u00a0dell\u2019Accademia Balletto Citt\u00e0 di Latina, per ribadire il nostro Stop al femminicidio. L\u2019impatto emotivo sulle persone \u00e8 proprio la cosa \u2013 spiega Valentina Pappacena \u2013 sulla quale ho puntato questa volta per ricordare a tutti che la violenza sulle donne non pu\u00f2 essere accettata e che rappresenta, oggi, un problema sociale. Con l\u2019#IOVALGO, ideato dall\u2019associazione Femineus di Priverno, Valore Donna vuole dunque ribadire il concetto che le donne che subiscono violenza devono imparare a denunciare perch\u00e9 solo cos\u00ec potranno essere aiutate&#8221;. Alle 10.00 il cortometraggio verr\u00e0 proiettato dal Bar Poeta, alle 16.00 dalla gelateria Mastrobbatista, alle 18 all\u2019interno del Saggi Caff\u00e8 al Piccarello e alle 20.30 il corto verr\u00e0 proiettato, prima del film, all\u2019interno delle sale del cinema Corso e del nuovo Supercinema 2.0.<\/p>\n<div class=\"radio-posizionamento-telefono-in-articoli-dopo-il-contenuto-articolo radio-entity-placement\" id=\"radio-2349665483\"><div id=\"radio-3038326640\"><a href=\"https:\/\/grupporedi.it\/\" aria-label=\"Redi-Qr\"><img loading=\"lazy\" decoding=\"async\" src=\"https:\/\/www.radioluna.it\/news\/wp-content\/uploads\/2026\/03\/Redi-Qr.jpg\" alt=\"\"  srcset=\"https:\/\/www.radioluna.it\/news\/wp-content\/uploads\/2026\/03\/Redi-Qr.jpg 800w, https:\/\/www.radioluna.it\/news\/wp-content\/uploads\/2026\/03\/Redi-Qr-768x639.jpg 768w\" sizes=\"(max-width: 800px) 100vw, 800px\" width=\"300\" height=\"250\"   \/><\/a><\/div><\/div>","protected":false},"excerpt":{"rendered":"<p>LATINA &#8211; La violenza contro le donne purtroppo \u00e8 un fenomeno ancora ampio e diffuso. Secondo l\u2019Istat una donna su tre, tra i 16 e i 70 anni, ha subito nel corso della propria vita una qualche forma di violenza e in tutto sono 6 milioni 788 mila le donne maltrattate. \u00a0Ma il dato forse [&hellip;]<\/p>\n","protected":false},"author":60,"featured_media":171119,"comment_status":"open","ping_status":"closed","sticky":false,"template":"","format":"standard","meta":{"footnotes":""},"categories":[16],"tags":[],"class_list":["post-171118","post","type-post","status-publish","format-standard","has-post-thumbnail","hentry","category-appuntamenti"],"_links":{"self":[{"href":"https:\/\/www.radioluna.it\/news\/wp-json\/wp\/v2\/posts\/171118","targetHints":{"allow":["GET"]}}],"collection":[{"href":"https:\/\/www.radioluna.it\/news\/wp-json\/wp\/v2\/posts"}],"about":[{"href":"https:\/\/www.radioluna.it\/news\/wp-json\/wp\/v2\/types\/post"}],"author":[{"embeddable":true,"href":"https:\/\/www.radioluna.it\/news\/wp-json\/wp\/v2\/users\/60"}],"replies":[{"embeddable":true,"href":"https:\/\/www.radioluna.it\/news\/wp-json\/wp\/v2\/comments?post=171118"}],"version-history":[{"count":0,"href":"https:\/\/www.radioluna.it\/news\/wp-json\/wp\/v2\/posts\/171118\/revisions"}],"wp:featuredmedia":[{"embeddable":true,"href":"https:\/\/www.radioluna.it\/news\/wp-json\/wp\/v2\/media\/171119"}],"wp:attachment":[{"href":"https:\/\/www.radioluna.it\/news\/wp-json\/wp\/v2\/media?parent=171118"}],"wp:term":[{"taxonomy":"category","embeddable":true,"href":"https:\/\/www.radioluna.it\/news\/wp-json\/wp\/v2\/categories?post=171118"},{"taxonomy":"post_tag","embeddable":true,"href":"https:\/\/www.radioluna.it\/news\/wp-json\/wp\/v2\/tags?post=171118"}],"curies":[{"name":"wp","href":"https:\/\/api.w.org\/{rel}","templated":true}]}}