{"id":171592,"date":"2015-12-04T19:44:39","date_gmt":"2015-12-04T18:44:39","guid":{"rendered":"http:\/\/www.radioluna.it\/news\/?p=171592"},"modified":"2015-12-04T19:44:39","modified_gmt":"2015-12-04T18:44:39","slug":"mercatini-di-natale-a-bassiano","status":"publish","type":"post","link":"https:\/\/www.radioluna.it\/news\/2015\/12\/mercatini-di-natale-a-bassiano\/","title":{"rendered":"Mercatini di Natale a Bassiano"},"content":{"rendered":"<div id=\"fb-root\"><\/div>\n<div id=\"attachment_105850\" style=\"width: 310px\" class=\"wp-caption alignleft\"><a href=\"http:\/\/www.radioluna.it\/news\/wp-content\/uploads\/2011\/06\/Bassiano.jpg\"><img loading=\"lazy\" decoding=\"async\" aria-describedby=\"caption-attachment-105850\" class=\"size-medium wp-image-105850\" src=\"http:\/\/www.radioluna.it\/news\/wp-content\/uploads\/2011\/06\/Bassiano-300x209.jpg\" alt=\"Bassiano\" width=\"300\" height=\"209\" srcset=\"https:\/\/www.radioluna.it\/news\/wp-content\/uploads\/2011\/06\/Bassiano-300x209.jpg 300w, https:\/\/www.radioluna.it\/news\/wp-content\/uploads\/2011\/06\/Bassiano-500x349.jpg 500w, https:\/\/www.radioluna.it\/news\/wp-content\/uploads\/2011\/06\/Bassiano.jpg 591w\" sizes=\"auto, (max-width: 300px) 100vw, 300px\" \/><\/a><p id=\"caption-attachment-105850\" class=\"wp-caption-text\">Bassiano<\/p><\/div>\n<p style=\"text-align: justify;\"><strong>BASSIANO<\/strong> &#8211; La magia del Natale\u00a0all&#8217;interno delle suggestive mura medioevali del paese.\u00a0Il Comune di Bassiano patrocina l\u2019evento organizzato dall\u2019Associazione UNITAS Onlus \u201cMercatino di Natale 2015&#8243;,\u00a0 l&#8217;appuntamento Natalizio che si svolger\u00e0 nei giorni 6-7-8 dicembre.\u00a0Un evento con stand itineranti nel centro storico del paese, circondati dalla natura e dalle antiche mura medioevali che rendono l\u2019atmosfera suggestiva e misteriosa.<br \/>\nL\u2019evento dedicato anche ai pi\u00f9 piccini, permetter\u00e0 ai bambini di poter consegnare le proprie letterine ed incontrare Babbo Natale che lascer\u00e0 loro un dolce regalo.<\/p>\n<p style=\"text-align: justify;\">Informazioni:<br \/>\nwww.visitabassiano.it\u00a0&#8211;\u00a0tel. 349.2548070 \u2013 340.9844121<\/p>\n","protected":false},"excerpt":{"rendered":"<p>BASSIANO &#8211; La magia del Natale\u00a0all&#8217;interno delle suggestive mura medioevali del paese.\u00a0Il Comune di Bassiano patrocina l\u2019evento organizzato dall\u2019Associazione UNITAS Onlus \u201cMercatino di Natale 2015&#8243;,\u00a0 l&#8217;appuntamento Natalizio che si svolger\u00e0 nei giorni 6-7-8 dicembre.\u00a0Un evento con stand itineranti nel centro storico del paese, circondati dalla natura e dalle antiche mura medioevali che rendono l\u2019atmosfera suggestiva [&hellip;]<\/p>\n","protected":false},"author":60,"featured_media":105850,"comment_status":"open","ping_status":"closed","sticky":false,"template":"","format":"standard","meta":{"footnotes":""},"categories":[16],"tags":[],"class_list":["post-171592","post","type-post","status-publish","format-standard","has-post-thumbnail","hentry","category-appuntamenti"],"_links":{"self":[{"href":"https:\/\/www.radioluna.it\/news\/wp-json\/wp\/v2\/posts\/171592","targetHints":{"allow":["GET"]}}],"collection":[{"href":"https:\/\/www.radioluna.it\/news\/wp-json\/wp\/v2\/posts"}],"about":[{"href":"https:\/\/www.radioluna.it\/news\/wp-json\/wp\/v2\/types\/post"}],"author":[{"embeddable":true,"href":"https:\/\/www.radioluna.it\/news\/wp-json\/wp\/v2\/users\/60"}],"replies":[{"embeddable":true,"href":"https:\/\/www.radioluna.it\/news\/wp-json\/wp\/v2\/comments?post=171592"}],"version-history":[{"count":0,"href":"https:\/\/www.radioluna.it\/news\/wp-json\/wp\/v2\/posts\/171592\/revisions"}],"wp:featuredmedia":[{"embeddable":true,"href":"https:\/\/www.radioluna.it\/news\/wp-json\/wp\/v2\/media\/105850"}],"wp:attachment":[{"href":"https:\/\/www.radioluna.it\/news\/wp-json\/wp\/v2\/media?parent=171592"}],"wp:term":[{"taxonomy":"category","embeddable":true,"href":"https:\/\/www.radioluna.it\/news\/wp-json\/wp\/v2\/categories?post=171592"},{"taxonomy":"post_tag","embeddable":true,"href":"https:\/\/www.radioluna.it\/news\/wp-json\/wp\/v2\/tags?post=171592"}],"curies":[{"name":"wp","href":"https:\/\/api.w.org\/{rel}","templated":true}]}}