{"id":171595,"date":"2015-12-04T21:04:26","date_gmt":"2015-12-04T20:04:26","guid":{"rendered":"http:\/\/www.radioluna.it\/news\/?p=171595"},"modified":"2015-12-04T21:04:26","modified_gmt":"2015-12-04T20:04:26","slug":"somma-vogliamo-imporre-il-nostro-gioco","status":"publish","type":"post","link":"https:\/\/www.radioluna.it\/news\/2015\/12\/somma-vogliamo-imporre-il-nostro-gioco\/","title":{"rendered":"Somma: vogliamo imporre il nostro gioco"},"content":{"rendered":"<div id=\"fb-root\"><\/div>\n<p><a href=\"http:\/\/www.radioluna.it\/news\/wp-content\/uploads\/2015\/12\/12132628_1015274465160710_6466431494915332359_o.jpg\"><img loading=\"lazy\" decoding=\"async\" class=\"aligncenter size-thumbnail wp-image-171596\" src=\"http:\/\/www.radioluna.it\/news\/wp-content\/uploads\/2015\/12\/12132628_1015274465160710_6466431494915332359_o-635x423.jpg\" alt=\"12132628_1015274465160710_6466431494915332359_o\" width=\"635\" height=\"423\" srcset=\"https:\/\/www.radioluna.it\/news\/wp-content\/uploads\/2015\/12\/12132628_1015274465160710_6466431494915332359_o-635x423.jpg 635w, https:\/\/www.radioluna.it\/news\/wp-content\/uploads\/2015\/12\/12132628_1015274465160710_6466431494915332359_o-500x333.jpg 500w, https:\/\/www.radioluna.it\/news\/wp-content\/uploads\/2015\/12\/12132628_1015274465160710_6466431494915332359_o-600x400.jpg 600w, https:\/\/www.radioluna.it\/news\/wp-content\/uploads\/2015\/12\/12132628_1015274465160710_6466431494915332359_o-300x200.jpg 300w, https:\/\/www.radioluna.it\/news\/wp-content\/uploads\/2015\/12\/12132628_1015274465160710_6466431494915332359_o.jpg 720w\" sizes=\"auto, (max-width: 635px) 100vw, 635px\" \/><\/a><\/p>\n<p>LATINA-\u00a0<span style=\"color: #000000;\"><span style=\"font-family: 'Times New Roman', serif;\"><span style=\"font-size: medium;\">&lt;Contro il Livorno ci attende una gara difficile, \u00e8 una squadra con una rosa competitiva e noi cercheremo come sempre di produrre un calcio propositivo, tentando di tenere sempre alta la concentrazione e portare gli episodi dalla nostra parte&gt;. Parla cos\u00ec alla vigilia della sfida contro i labronici il tecnico del Latina Mario Somma che cerca una vittoria che manca da quasi un mese, dal suo esordio sulla panchina nerazzurra contro il Cesena, battuto per 1-0. Sull&#8217;avversario di domani il tecnico pontino ha le idee chiare. &lt;Abbiamo preparato questa partita analizzando le varie possibili varianti ma cercando sempre di imporre il nostro gioco&gt;. L&#8217;ultimo precedente con gli amaranto per il Latina \u00e8 positivo e risale allo scorso gennaio quando fin\u00ec 3-2. A dirigere la partita sar\u00e0 Sacchi di Macerata. <\/span><\/span><\/span><span style=\"color: #000000;\"><span style=\"font-family: 'Times New Roman', serif;\"><span style=\"font-size: medium;\">Intanto il Latina comunica di aver raggiunto l&#8217;accordo con il portiere Daniel Leone, 22 anni, che ha firmato un contratto che scadr\u00e0 il 30 giugno 2016. La storia di Leone \u00e8 commovente: \u00a0un anno fa la diagnosi terribile di avere un tumore al cervello, poi l&#8217;operazione, le terapie, la riabilitazione, gli allenamenti e ora il campo e il Latina. <\/span><\/span><\/span><\/p>\n<div class=\"radio-posizionamento-telefono-in-articoli-dopo-il-contenuto-articolo radio-entity-placement\" id=\"radio-3100865550\"><div id=\"radio-4280290370\"><a href=\"https:\/\/grupporedi.it\/\" aria-label=\"Redi-Qr\"><img loading=\"lazy\" decoding=\"async\" src=\"https:\/\/www.radioluna.it\/news\/wp-content\/uploads\/2026\/03\/Redi-Qr.jpg\" alt=\"\"  srcset=\"https:\/\/www.radioluna.it\/news\/wp-content\/uploads\/2026\/03\/Redi-Qr.jpg 800w, https:\/\/www.radioluna.it\/news\/wp-content\/uploads\/2026\/03\/Redi-Qr-768x639.jpg 768w\" sizes=\"(max-width: 800px) 100vw, 800px\" width=\"300\" height=\"250\"   \/><\/a><\/div><\/div>","protected":false},"excerpt":{"rendered":"<p>LATINA-\u00a0&lt;Contro il Livorno ci attende una gara difficile, \u00e8 una squadra con una rosa competitiva e noi cercheremo come sempre di produrre un calcio propositivo, tentando di tenere sempre alta la concentrazione e portare gli episodi dalla nostra parte&gt;. Parla cos\u00ec alla vigilia della sfida contro i labronici il tecnico del Latina Mario Somma che [&hellip;]<\/p>\n","protected":false},"author":60,"featured_media":171596,"comment_status":"open","ping_status":"closed","sticky":false,"template":"","format":"standard","meta":{"footnotes":""},"categories":[17],"tags":[],"class_list":["post-171595","post","type-post","status-publish","format-standard","has-post-thumbnail","hentry","category-sport"],"_links":{"self":[{"href":"https:\/\/www.radioluna.it\/news\/wp-json\/wp\/v2\/posts\/171595","targetHints":{"allow":["GET"]}}],"collection":[{"href":"https:\/\/www.radioluna.it\/news\/wp-json\/wp\/v2\/posts"}],"about":[{"href":"https:\/\/www.radioluna.it\/news\/wp-json\/wp\/v2\/types\/post"}],"author":[{"embeddable":true,"href":"https:\/\/www.radioluna.it\/news\/wp-json\/wp\/v2\/users\/60"}],"replies":[{"embeddable":true,"href":"https:\/\/www.radioluna.it\/news\/wp-json\/wp\/v2\/comments?post=171595"}],"version-history":[{"count":0,"href":"https:\/\/www.radioluna.it\/news\/wp-json\/wp\/v2\/posts\/171595\/revisions"}],"wp:featuredmedia":[{"embeddable":true,"href":"https:\/\/www.radioluna.it\/news\/wp-json\/wp\/v2\/media\/171596"}],"wp:attachment":[{"href":"https:\/\/www.radioluna.it\/news\/wp-json\/wp\/v2\/media?parent=171595"}],"wp:term":[{"taxonomy":"category","embeddable":true,"href":"https:\/\/www.radioluna.it\/news\/wp-json\/wp\/v2\/categories?post=171595"},{"taxonomy":"post_tag","embeddable":true,"href":"https:\/\/www.radioluna.it\/news\/wp-json\/wp\/v2\/tags?post=171595"}],"curies":[{"name":"wp","href":"https:\/\/api.w.org\/{rel}","templated":true}]}}