{"id":171692,"date":"2015-12-08T18:58:29","date_gmt":"2015-12-08T17:58:29","guid":{"rendered":"http:\/\/www.radioluna.it\/news\/?p=171692"},"modified":"2015-12-09T06:24:01","modified_gmt":"2015-12-09T05:24:01","slug":"somma-primo-tempo-pessimo-ripresa-orribile","status":"publish","type":"post","link":"https:\/\/www.radioluna.it\/news\/2015\/12\/somma-primo-tempo-pessimo-ripresa-orribile\/","title":{"rendered":"Somma: primo tempo pessimo, ripresa orribile"},"content":{"rendered":"<div id=\"fb-root\"><\/div>\n<p><a href=\"http:\/\/www.radioluna.it\/news\/wp-content\/uploads\/2015\/12\/Somma-2.jpg\"><img loading=\"lazy\" decoding=\"async\" class=\"aligncenter size-thumbnail wp-image-171693\" src=\"http:\/\/www.radioluna.it\/news\/wp-content\/uploads\/2015\/12\/Somma-2-635x423.jpg\" alt=\"Somma 2\" width=\"635\" height=\"423\" srcset=\"https:\/\/www.radioluna.it\/news\/wp-content\/uploads\/2015\/12\/Somma-2-635x423.jpg 635w, https:\/\/www.radioluna.it\/news\/wp-content\/uploads\/2015\/12\/Somma-2-500x333.jpg 500w, https:\/\/www.radioluna.it\/news\/wp-content\/uploads\/2015\/12\/Somma-2-600x400.jpg 600w, https:\/\/www.radioluna.it\/news\/wp-content\/uploads\/2015\/12\/Somma-2-300x200.jpg 300w, https:\/\/www.radioluna.it\/news\/wp-content\/uploads\/2015\/12\/Somma-2.jpg 720w\" sizes=\"auto, (max-width: 635px) 100vw, 635px\" \/><\/a><\/p>\n<p style=\"text-align: justify;\"><strong>LATINA<\/strong> &#8211; La sconfitta pi\u00f9 brutta della stagione spinge l&#8217;allenatore nerazzurro Mario Somma ad una analisi impietosa. &lt;E&#8217;\u00a0mancato tutto in questa partita \u2013 ha detto il tecnico nel dopo gara \u00a0come riporta il sito Us Latina Calcio \u2013 abbiamo giocato un primo tempo pessimo e una ripresa orribile e la sconfitta \u00e8 meritata. Abbiamo accettato il loro gioco correndo dietro ai giocatori avversari e questo non possiamo permettercelo perch\u00e9 non \u00e8 nelle nostre caratteristiche andare dietro agli altri; dovevamo fare il nostro tipo di partita, cosa che invece non \u00e8 avvenuta. Questa \u00e8 una cosa inconcepibile per una squadra\u00a0 come la nostra, mi prendo le colpe di questa bruttissima partita \u2013 ha spiegato \u00a0Somma\u00a0 \u2013 se la squadra ha sbagliato atteggiamento la responsabilit\u00e0 \u00e8 dell\u2019allenatore, se non sono riuscito a farmi capire dai giocatori \u00e8 colpa mia: non salvo nulla della prestazione di oggi. Dobbiamo lavorare tanto e ci sono molte cose da fare se vogliamo raggiungere una posizione di classifica pi\u00f9 consona al valore della nostra squadra&gt;.<\/p>\n<div class=\"radio-posizionamento-telefono-in-articoli-dopo-il-contenuto-articolo radio-entity-placement\" id=\"radio-3737147039\"><div id=\"radio-3343227148\" style=\"width: 300px;height: 250px;\"><a href=\"https:\/\/www.icarspa.it\/auto\/usate\/latina\/\" aria-label=\"banner aprile icar new life &#8211; auto usate latina\"><img loading=\"lazy\" decoding=\"async\" src=\"https:\/\/www.radioluna.it\/news\/wp-content\/uploads\/2026\/02\/banner-aprile-icar-new-life-auto-usate-latina.gif\" alt=\"\"  width=\"300\" height=\"250\"   \/><\/a><\/div><\/div>","protected":false},"excerpt":{"rendered":"<p>LATINA &#8211; La sconfitta pi\u00f9 brutta della stagione spinge l&#8217;allenatore nerazzurro Mario Somma ad una analisi impietosa. &lt;E&#8217;\u00a0mancato tutto in questa partita \u2013 ha detto il tecnico nel dopo gara \u00a0come riporta il sito Us Latina Calcio \u2013 abbiamo giocato un primo tempo pessimo e una ripresa orribile e la sconfitta \u00e8 meritata. Abbiamo accettato [&hellip;]<\/p>\n","protected":false},"author":60,"featured_media":171693,"comment_status":"open","ping_status":"closed","sticky":false,"template":"","format":"standard","meta":{"footnotes":""},"categories":[17],"tags":[],"class_list":["post-171692","post","type-post","status-publish","format-standard","has-post-thumbnail","hentry","category-sport"],"_links":{"self":[{"href":"https:\/\/www.radioluna.it\/news\/wp-json\/wp\/v2\/posts\/171692","targetHints":{"allow":["GET"]}}],"collection":[{"href":"https:\/\/www.radioluna.it\/news\/wp-json\/wp\/v2\/posts"}],"about":[{"href":"https:\/\/www.radioluna.it\/news\/wp-json\/wp\/v2\/types\/post"}],"author":[{"embeddable":true,"href":"https:\/\/www.radioluna.it\/news\/wp-json\/wp\/v2\/users\/60"}],"replies":[{"embeddable":true,"href":"https:\/\/www.radioluna.it\/news\/wp-json\/wp\/v2\/comments?post=171692"}],"version-history":[{"count":0,"href":"https:\/\/www.radioluna.it\/news\/wp-json\/wp\/v2\/posts\/171692\/revisions"}],"wp:featuredmedia":[{"embeddable":true,"href":"https:\/\/www.radioluna.it\/news\/wp-json\/wp\/v2\/media\/171693"}],"wp:attachment":[{"href":"https:\/\/www.radioluna.it\/news\/wp-json\/wp\/v2\/media?parent=171692"}],"wp:term":[{"taxonomy":"category","embeddable":true,"href":"https:\/\/www.radioluna.it\/news\/wp-json\/wp\/v2\/categories?post=171692"},{"taxonomy":"post_tag","embeddable":true,"href":"https:\/\/www.radioluna.it\/news\/wp-json\/wp\/v2\/tags?post=171692"}],"curies":[{"name":"wp","href":"https:\/\/api.w.org\/{rel}","templated":true}]}}