{"id":171883,"date":"2015-12-14T12:13:59","date_gmt":"2015-12-14T11:13:59","guid":{"rendered":"http:\/\/www.radioluna.it\/news\/?p=171883"},"modified":"2015-12-15T13:01:41","modified_gmt":"2015-12-15T12:01:41","slug":"parapiglia-in-tribunale-accusato-di-stalking-aggredisce-la-ex-in-aula","status":"publish","type":"post","link":"https:\/\/www.radioluna.it\/news\/2015\/12\/parapiglia-in-tribunale-accusato-di-stalking-aggredisce-la-ex-in-aula\/","title":{"rendered":"Parapiglia in Tribunale a Latina, accusato di stalking aggredisce la ex in aula"},"content":{"rendered":"<div id=\"fb-root\"><\/div>\n<p style=\"text-align: justify;\"><strong><a href=\"http:\/\/www.radioluna.it\/news\/wp-content\/uploads\/2015\/12\/ambulanza-tribunale1.jpg\"><img loading=\"lazy\" decoding=\"async\" class=\"aligncenter size-thumbnail wp-image-171887\" src=\"http:\/\/www.radioluna.it\/news\/wp-content\/uploads\/2015\/12\/ambulanza-tribunale1-635x356.jpg\" alt=\"ambulanza tribunale\" width=\"635\" height=\"356\" srcset=\"https:\/\/www.radioluna.it\/news\/wp-content\/uploads\/2015\/12\/ambulanza-tribunale1-635x356.jpg 635w, https:\/\/www.radioluna.it\/news\/wp-content\/uploads\/2015\/12\/ambulanza-tribunale1-768x431.jpg 768w, https:\/\/www.radioluna.it\/news\/wp-content\/uploads\/2015\/12\/ambulanza-tribunale1-500x281.jpg 500w, https:\/\/www.radioluna.it\/news\/wp-content\/uploads\/2015\/12\/ambulanza-tribunale1-300x168.jpg 300w, https:\/\/www.radioluna.it\/news\/wp-content\/uploads\/2015\/12\/ambulanza-tribunale1-800x449.jpg 800w, https:\/\/www.radioluna.it\/news\/wp-content\/uploads\/2015\/12\/ambulanza-tribunale1.jpg 932w\" sizes=\"auto, (max-width: 635px) 100vw, 635px\" \/><\/a>LATINA<\/strong> &#8211;\u00a0Ha tentato di aggredire in aula la ex compagna che lo aveva denunciato per stalking, \u00a0\u00e8 stato bloccato e ha reagito colpendo con un pugno al volto un agente di polizia. E&#8217; accaduto in tarda mattinata\u00a0in Tribunale a Latina nel corso del processo per direttissima contro l&#8217;uomo.<\/p>\n<p style=\"text-align: justify;\">All&#8217;uscita dall&#8217;aula, dopo \u00a0che il giudice aveva concesso brevi termini a difesa, la donna \u00e8 stata minacciata dall&#8217;ex \u00a0che la voleva colpire accusandola di avergli rovinato la vita. L\u2019uomo ha incominciato a gridare nel corridoio del Tribunale e poi ha fatto irruzione nell\u2019aula \u201cA\u201d ove era in corso un altro processo, continuando ad urlare frasi minacciose.\u00a0Nell\u2019aula era presente, per una testimonianza, un poliziotto della locale Sezione di Polizia Postale, che immediatamente, dopo essersi qualificato, bloccava l\u2019uomo tentando di riportarlo alla calma.\u00a0Ne \u00e8 seguito un parapiglia. Anche la signora \u00e8 stata trasportata in ospedale sotto shock. Poco dopo si \u00e8 sentita male un&#8217;altra persona, probabilmente una parente dell&#8217;aggressore.\u00a0L&#8217;imputato ha continuato ad opporre resistenza, cercando di divincolarsi e sferrando calci e pugni anche contro gli agenti delle Volanti arrivati sul posto.\u00a0Due poliziotti sono stati refertati presso l&#8217;ospedale con una prognosi di 7 giorni, per le lesioni riportate.<\/p>\n<p style=\"text-align: justify;\">L\u2019aggressore di 25 anni, originario di Guidonia, con diversi precedenti e gi\u00e0 agli arresti domiciliari per stalking, \u00e8 stato arrestato per minacce, resistenza e lesioni a pubblico ufficiale. In una precisazione inviata al nostro giornale un parente presente in Tribunale, sottolinea che la reazione \u00e8 dovuta al fatto che all&#8217;uomo viene impedito di vedere il figlio. Trattenuto presso le camere di sicurezza della Questura, sar\u00e0 processato in direttissima nella giornata di dopodomani, come disposto dall\u2019Autorit\u00e0 Giudiziaria.<\/p>\n<div class=\"radio-posizionamento-telefono-in-articoli-dopo-il-contenuto-articolo radio-entity-placement\" id=\"radio-1997782391\"><div id=\"radio-3985860435\" style=\"width: 300px;height: 250px;\"><a href=\"https:\/\/www.icarspa.it\/auto\/usate\/latina\/\" aria-label=\"banner aprile icar new life &#8211; auto usate latina\"><img loading=\"lazy\" decoding=\"async\" src=\"https:\/\/www.radioluna.it\/news\/wp-content\/uploads\/2026\/02\/banner-aprile-icar-new-life-auto-usate-latina.gif\" alt=\"\"  width=\"300\" height=\"250\"   \/><\/a><\/div><\/div>","protected":false},"excerpt":{"rendered":"<p>LATINA &#8211;\u00a0Ha tentato di aggredire in aula la ex compagna che lo aveva denunciato per stalking, \u00a0\u00e8 stato bloccato e ha reagito colpendo con un pugno al volto un agente di polizia. E&#8217; accaduto in tarda mattinata\u00a0in Tribunale a Latina nel corso del processo per direttissima contro l&#8217;uomo. All&#8217;uscita dall&#8217;aula, dopo \u00a0che il giudice aveva [&hellip;]<\/p>\n","protected":false},"author":62,"featured_media":171886,"comment_status":"open","ping_status":"closed","sticky":false,"template":"","format":"standard","meta":{"footnotes":""},"categories":[7],"tags":[],"class_list":["post-171883","post","type-post","status-publish","format-standard","has-post-thumbnail","hentry","category-cronaca"],"_links":{"self":[{"href":"https:\/\/www.radioluna.it\/news\/wp-json\/wp\/v2\/posts\/171883","targetHints":{"allow":["GET"]}}],"collection":[{"href":"https:\/\/www.radioluna.it\/news\/wp-json\/wp\/v2\/posts"}],"about":[{"href":"https:\/\/www.radioluna.it\/news\/wp-json\/wp\/v2\/types\/post"}],"author":[{"embeddable":true,"href":"https:\/\/www.radioluna.it\/news\/wp-json\/wp\/v2\/users\/62"}],"replies":[{"embeddable":true,"href":"https:\/\/www.radioluna.it\/news\/wp-json\/wp\/v2\/comments?post=171883"}],"version-history":[{"count":0,"href":"https:\/\/www.radioluna.it\/news\/wp-json\/wp\/v2\/posts\/171883\/revisions"}],"wp:featuredmedia":[{"embeddable":true,"href":"https:\/\/www.radioluna.it\/news\/wp-json\/wp\/v2\/media\/171886"}],"wp:attachment":[{"href":"https:\/\/www.radioluna.it\/news\/wp-json\/wp\/v2\/media?parent=171883"}],"wp:term":[{"taxonomy":"category","embeddable":true,"href":"https:\/\/www.radioluna.it\/news\/wp-json\/wp\/v2\/categories?post=171883"},{"taxonomy":"post_tag","embeddable":true,"href":"https:\/\/www.radioluna.it\/news\/wp-json\/wp\/v2\/tags?post=171883"}],"curies":[{"name":"wp","href":"https:\/\/api.w.org\/{rel}","templated":true}]}}