{"id":171928,"date":"2015-12-15T11:44:40","date_gmt":"2015-12-15T10:44:40","guid":{"rendered":"http:\/\/www.radioluna.it\/news\/?p=171928"},"modified":"2015-12-15T11:44:40","modified_gmt":"2015-12-15T10:44:40","slug":"furto-da-bartolini-sulla-bassianese-a-latina","status":"publish","type":"post","link":"https:\/\/www.radioluna.it\/news\/2015\/12\/furto-da-bartolini-sulla-bassianese-a-latina\/","title":{"rendered":"Furto da Bartolini sulla Bassianese a Latina"},"content":{"rendered":"<div id=\"fb-root\"><\/div>\n<p style=\"text-align: justify;\" align=\"LEFT\"><strong><a href=\"http:\/\/www.radioluna.it\/news\/wp-content\/uploads\/2015\/10\/bartolini-furto.jpg\"><img loading=\"lazy\" decoding=\"async\" class=\"aligncenter size-thumbnail wp-image-169379\" src=\"http:\/\/www.radioluna.it\/news\/wp-content\/uploads\/2015\/10\/bartolini-furto-635x422.jpg\" alt=\"bartolini furto\" width=\"635\" height=\"422\" srcset=\"https:\/\/www.radioluna.it\/news\/wp-content\/uploads\/2015\/10\/bartolini-furto-635x422.jpg 635w, https:\/\/www.radioluna.it\/news\/wp-content\/uploads\/2015\/10\/bartolini-furto-768x511.jpg 768w, https:\/\/www.radioluna.it\/news\/wp-content\/uploads\/2015\/10\/bartolini-furto-500x333.jpg 500w, https:\/\/www.radioluna.it\/news\/wp-content\/uploads\/2015\/10\/bartolini-furto-600x400.jpg 600w, https:\/\/www.radioluna.it\/news\/wp-content\/uploads\/2015\/10\/bartolini-furto-300x200.jpg 300w, https:\/\/www.radioluna.it\/news\/wp-content\/uploads\/2015\/10\/bartolini-furto-1024x681.jpg 1024w, https:\/\/www.radioluna.it\/news\/wp-content\/uploads\/2015\/10\/bartolini-furto-800x532.jpg 800w, https:\/\/www.radioluna.it\/news\/wp-content\/uploads\/2015\/10\/bartolini-furto.jpg 1000w\" sizes=\"auto, (max-width: 635px) 100vw, 635px\" \/><\/a>LATINA<\/strong> &#8211; Un furto \u00e8 stato messo a segno nella notte presso la sede del corriere Bartolini in Via Bassianese. Ad agire sono state quattro persone incappucciate che hanno forzato la serranda all&#8217;ingresso, aprendo poi numerosi pacchi e impossessandosi del contenuto. Quindi la banda si \u00e8 dileguata. L&#8217;azione \u00e8 stata ripresa dalle telecamere di sorveglianza dell&#8217;azienda. Inutile l&#8217;allarme che \u00e8 entrato in funzione. Sono stati i dipendenti questa mattina ad accorgersi del furto e a chiamare la polizia che ora indaga. Non si conosce l&#8217;ammontare del bottino.<\/p>\n","protected":false},"excerpt":{"rendered":"<p>LATINA &#8211; Un furto \u00e8 stato messo a segno nella notte presso la sede del corriere Bartolini in Via Bassianese. Ad agire sono state quattro persone incappucciate che hanno forzato la serranda all&#8217;ingresso, aprendo poi numerosi pacchi e impossessandosi del contenuto. Quindi la banda si \u00e8 dileguata. L&#8217;azione \u00e8 stata ripresa dalle telecamere di sorveglianza [&hellip;]<\/p>\n","protected":false},"author":62,"featured_media":169379,"comment_status":"open","ping_status":"closed","sticky":false,"template":"","format":"standard","meta":{"footnotes":""},"categories":[7],"tags":[],"class_list":["post-171928","post","type-post","status-publish","format-standard","has-post-thumbnail","hentry","category-cronaca"],"_links":{"self":[{"href":"https:\/\/www.radioluna.it\/news\/wp-json\/wp\/v2\/posts\/171928","targetHints":{"allow":["GET"]}}],"collection":[{"href":"https:\/\/www.radioluna.it\/news\/wp-json\/wp\/v2\/posts"}],"about":[{"href":"https:\/\/www.radioluna.it\/news\/wp-json\/wp\/v2\/types\/post"}],"author":[{"embeddable":true,"href":"https:\/\/www.radioluna.it\/news\/wp-json\/wp\/v2\/users\/62"}],"replies":[{"embeddable":true,"href":"https:\/\/www.radioluna.it\/news\/wp-json\/wp\/v2\/comments?post=171928"}],"version-history":[{"count":0,"href":"https:\/\/www.radioluna.it\/news\/wp-json\/wp\/v2\/posts\/171928\/revisions"}],"wp:featuredmedia":[{"embeddable":true,"href":"https:\/\/www.radioluna.it\/news\/wp-json\/wp\/v2\/media\/169379"}],"wp:attachment":[{"href":"https:\/\/www.radioluna.it\/news\/wp-json\/wp\/v2\/media?parent=171928"}],"wp:term":[{"taxonomy":"category","embeddable":true,"href":"https:\/\/www.radioluna.it\/news\/wp-json\/wp\/v2\/categories?post=171928"},{"taxonomy":"post_tag","embeddable":true,"href":"https:\/\/www.radioluna.it\/news\/wp-json\/wp\/v2\/tags?post=171928"}],"curies":[{"name":"wp","href":"https:\/\/api.w.org\/{rel}","templated":true}]}}