{"id":171985,"date":"2015-12-16T19:30:57","date_gmt":"2015-12-16T18:30:57","guid":{"rendered":"http:\/\/www.radioluna.it\/news\/?p=171985"},"modified":"2015-12-16T19:37:37","modified_gmt":"2015-12-16T18:37:37","slug":"la-commissione-antimafia-tornera-nel-capoluogo-lo-annunciamoscardelli","status":"publish","type":"post","link":"https:\/\/www.radioluna.it\/news\/2015\/12\/la-commissione-antimafia-tornera-nel-capoluogo-lo-annunciamoscardelli\/","title":{"rendered":"La commissione Antimafia torner\u00e0 nel capoluogo, lo annuncia Moscardelli"},"content":{"rendered":"<div id=\"fb-root\"><\/div>\n<div id=\"attachment_169668\" style=\"width: 310px\" class=\"wp-caption alignleft\"><a href=\"http:\/\/www.radioluna.it\/news\/wp-content\/uploads\/2015\/10\/moscardelli.jpg\"><img loading=\"lazy\" decoding=\"async\" aria-describedby=\"caption-attachment-169668\" class=\"size-medium wp-image-169668\" src=\"http:\/\/www.radioluna.it\/news\/wp-content\/uploads\/2015\/10\/moscardelli-300x203.jpg\" alt=\"(\" width=\"300\" height=\"203\" srcset=\"https:\/\/www.radioluna.it\/news\/wp-content\/uploads\/2015\/10\/moscardelli-300x203.jpg 300w, https:\/\/www.radioluna.it\/news\/wp-content\/uploads\/2015\/10\/moscardelli-768x519.jpg 768w, https:\/\/www.radioluna.it\/news\/wp-content\/uploads\/2015\/10\/moscardelli-500x338.jpg 500w, https:\/\/www.radioluna.it\/news\/wp-content\/uploads\/2015\/10\/moscardelli-635x429.jpg 635w, https:\/\/www.radioluna.it\/news\/wp-content\/uploads\/2015\/10\/moscardelli-800x541.jpg 800w, https:\/\/www.radioluna.it\/news\/wp-content\/uploads\/2015\/10\/moscardelli.jpg 960w\" sizes=\"auto, (max-width: 300px) 100vw, 300px\" \/><\/a><p id=\"caption-attachment-169668\" class=\"wp-caption-text\">(<\/p><\/div>\n<p style=\"text-align: justify;\"><strong>LATINA<\/strong> &#8211; Presto la Commissione Antimafia torner\u00e0 nel capoluogo pontino. Ad annunciarlo \u00e8 il senatore del Pd Claudio Moscardelli, che oggi commenta cos\u00ec in un post sul suo profilo Facebook la situazione locale. &#8220;Le cortine fumogene sparse con grande abilit\u00e0 e spregiudicatezza non riusciranno a rendere tutto omologato dentro un&#8217;indistinta zona grigia che ingoi tutto, inchieste comprese. Oggi &#8211; continua Moscardelli &#8211; \u00a0ho incontrato la Presidente Bindi e presto la commissione Antimafia, gi\u00e0 venuta in missione quest&#8217;anno a Latina su mia richiesta, torner\u00e0 ad accendere i riflettori sui nuovi sviluppi delle inchieste nel nostro capoluogo&#8221;.<\/p>\n<div class=\"radio-posizionamento-telefono-in-articoli-dopo-il-contenuto-articolo radio-entity-placement\" id=\"radio-1061307352\"><div id=\"radio-3029244156\"><a href=\"https:\/\/grupporedi.it\/\" aria-label=\"Redi-Qr\"><img loading=\"lazy\" decoding=\"async\" src=\"https:\/\/www.radioluna.it\/news\/wp-content\/uploads\/2026\/03\/Redi-Qr.jpg\" alt=\"\"  srcset=\"https:\/\/www.radioluna.it\/news\/wp-content\/uploads\/2026\/03\/Redi-Qr.jpg 800w, https:\/\/www.radioluna.it\/news\/wp-content\/uploads\/2026\/03\/Redi-Qr-768x639.jpg 768w\" sizes=\"(max-width: 800px) 100vw, 800px\" width=\"300\" height=\"250\"   \/><\/a><\/div><\/div>","protected":false},"excerpt":{"rendered":"<p>LATINA &#8211; Presto la Commissione Antimafia torner\u00e0 nel capoluogo pontino. Ad annunciarlo \u00e8 il senatore del Pd Claudio Moscardelli, che oggi commenta cos\u00ec in un post sul suo profilo Facebook la situazione locale. &#8220;Le cortine fumogene sparse con grande abilit\u00e0 e spregiudicatezza non riusciranno a rendere tutto omologato dentro un&#8217;indistinta zona grigia che ingoi tutto, [&hellip;]<\/p>\n","protected":false},"author":60,"featured_media":169668,"comment_status":"open","ping_status":"closed","sticky":false,"template":"","format":"standard","meta":{"footnotes":""},"categories":[7,8],"tags":[],"class_list":["post-171985","post","type-post","status-publish","format-standard","has-post-thumbnail","hentry","category-cronaca","category-politica"],"_links":{"self":[{"href":"https:\/\/www.radioluna.it\/news\/wp-json\/wp\/v2\/posts\/171985","targetHints":{"allow":["GET"]}}],"collection":[{"href":"https:\/\/www.radioluna.it\/news\/wp-json\/wp\/v2\/posts"}],"about":[{"href":"https:\/\/www.radioluna.it\/news\/wp-json\/wp\/v2\/types\/post"}],"author":[{"embeddable":true,"href":"https:\/\/www.radioluna.it\/news\/wp-json\/wp\/v2\/users\/60"}],"replies":[{"embeddable":true,"href":"https:\/\/www.radioluna.it\/news\/wp-json\/wp\/v2\/comments?post=171985"}],"version-history":[{"count":0,"href":"https:\/\/www.radioluna.it\/news\/wp-json\/wp\/v2\/posts\/171985\/revisions"}],"wp:featuredmedia":[{"embeddable":true,"href":"https:\/\/www.radioluna.it\/news\/wp-json\/wp\/v2\/media\/169668"}],"wp:attachment":[{"href":"https:\/\/www.radioluna.it\/news\/wp-json\/wp\/v2\/media?parent=171985"}],"wp:term":[{"taxonomy":"category","embeddable":true,"href":"https:\/\/www.radioluna.it\/news\/wp-json\/wp\/v2\/categories?post=171985"},{"taxonomy":"post_tag","embeddable":true,"href":"https:\/\/www.radioluna.it\/news\/wp-json\/wp\/v2\/tags?post=171985"}],"curies":[{"name":"wp","href":"https:\/\/api.w.org\/{rel}","templated":true}]}}