{"id":171986,"date":"2015-12-16T19:53:09","date_gmt":"2015-12-16T18:53:09","guid":{"rendered":"http:\/\/www.radioluna.it\/news\/?p=171986"},"modified":"2015-12-16T19:53:09","modified_gmt":"2015-12-16T18:53:09","slug":"ex-enaoli-messa-organizzata-dai-lavoratori-in-assemblea-permanente","status":"publish","type":"post","link":"https:\/\/www.radioluna.it\/news\/2015\/12\/ex-enaoli-messa-organizzata-dai-lavoratori-in-assemblea-permanente\/","title":{"rendered":"Ex Enaoli, Messa organizzata dai lavoratori in assemblea permanente"},"content":{"rendered":"<div id=\"fb-root\"><\/div>\n<p style=\"text-align: justify;\"><strong><a href=\"http:\/\/www.radioluna.it\/news\/wp-content\/uploads\/2015\/12\/enaoli.jpg\"><img loading=\"lazy\" decoding=\"async\" class=\"size-medium wp-image-171987 alignleft\" src=\"http:\/\/www.radioluna.it\/news\/wp-content\/uploads\/2015\/12\/enaoli-225x300.jpg\" alt=\"enaoli\" width=\"225\" height=\"300\" srcset=\"https:\/\/www.radioluna.it\/news\/wp-content\/uploads\/2015\/12\/enaoli-225x300.jpg 225w, https:\/\/www.radioluna.it\/news\/wp-content\/uploads\/2015\/12\/enaoli-768x1024.jpg 768w, https:\/\/www.radioluna.it\/news\/wp-content\/uploads\/2015\/12\/enaoli-500x667.jpg 500w, https:\/\/www.radioluna.it\/news\/wp-content\/uploads\/2015\/12\/enaoli-635x847.jpg 635w, https:\/\/www.radioluna.it\/news\/wp-content\/uploads\/2015\/12\/enaoli-800x1067.jpg 800w, https:\/\/www.radioluna.it\/news\/wp-content\/uploads\/2015\/12\/enaoli-300x400.jpg 300w, https:\/\/www.radioluna.it\/news\/wp-content\/uploads\/2015\/12\/enaoli.jpg 1000w\" sizes=\"auto, (max-width: 225px) 100vw, 225px\" \/><\/a>FORMIA<\/strong> &#8211; Un messa ma anche un momento di riflessione per i lavoratori dell&#8217;Associazione &#8220;Diamo un calcio alla crisi&#8221; che dal 19 ottobre scorso sono in assemblea permanente, nell&#8217;ex Enaoli di Formia. Sabato 19 dicembre alle ore 11.00 sar\u00e0 infatti officiata una S. Messa alla quale sono stati invitati a partecipare il Vescovo di Gaeta, il Presidente della Regione con la sua giunta, il sindaco di Formia, con l&#8217;intero consiglio comunale, gli esponenti politici della zona, e tutti coloro che riterranno di voler essere presenti alla cerimonia, per segnalare con la loro presenza la vicinanza all&#8217;iniziativa.<\/p>\n<p style=\"text-align: justify;\">Sono due mesi che i lavoratori in mobilit\u00e0 e cassa integrazione del sud della provincia di Latina, dopo aver presentato un progetto di riqualificazione agricola del sito alla Regione Lazio, e dopo aver atteso per oltre un anno una risposta in merito, hanno deciso di iniziare l&#8217;assemblea. Nonostante la situazione disastrosa, che si \u00e8 loro presentata, non si sono persi d&#8217;animo e con pale, rastrelli, falci e motozappe di loro propriet\u00e0, hanno iniziato a sistemare il viale d&#8217;ingresso, nel frattempo ricoperto da erba e sterpaglie e a ripulire due serre all&#8217;interno delle quali sono iniziate le coltivazioni di ortaggi. Quello dell&#8217;assemblea permanente \u00e8 stato un modo per far si che la politica e l&#8217;opinione pubblica si accorgessero di quanto stava accadendo, affinch\u00e9 quel loro progetto di una agricoltura biologica ed innovativa, potesse prendere finalmente decollare.<\/p>\n<p style=\"text-align: justify;\">&#8220;Qualcosa sembra, comunque, muoversi &#8211; commenta Roberto Cecere, segretario generale della Femca Cisl di Latina &#8211; perch\u00e8 alcuni funzionari dell&#8217;Ersial si sono presentati con l&#8217;incarico di censire e salvare quel poco che si \u00e8 salvato da nove anni di abbandono e vandalismo sfrenato. L&#8217;idea \u00e8 quella di ripulire e sistemare parte dell&#8217;interno della struttura coperta, pur nella difficolt\u00e0 del caso mancando acqua ed energia elettrica. Queste persone hanno deciso di mettersi in gioco &#8220;inventandosi&#8221; un nuovo lavoro e si attendono dalla politica segnali forti. Anche l&#8217;iniziativa di questa messa rappresenta una indicazione importante di comunione e solidariet\u00e0, e la speranza\u00a0di\u00a0un lavoro vero\u00a0per\u00a0queste persone&#8221;.<\/p>\n<div class=\"radio-posizionamento-telefono-in-articoli-dopo-il-contenuto-articolo radio-entity-placement\" id=\"radio-2816163421\"><div id=\"radio-1026455653\" style=\"width: 300px;height: 250px;\"><a href=\"https:\/\/www.icarspa.it\/auto\/usate\/latina\/\" aria-label=\"banner aprile icar new life &#8211; auto usate latina\"><img loading=\"lazy\" decoding=\"async\" src=\"https:\/\/www.radioluna.it\/news\/wp-content\/uploads\/2026\/02\/banner-aprile-icar-new-life-auto-usate-latina.gif\" alt=\"\"  width=\"300\" height=\"250\"   \/><\/a><\/div><\/div>","protected":false},"excerpt":{"rendered":"<p>FORMIA &#8211; Un messa ma anche un momento di riflessione per i lavoratori dell&#8217;Associazione &#8220;Diamo un calcio alla crisi&#8221; che dal 19 ottobre scorso sono in assemblea permanente, nell&#8217;ex Enaoli di Formia. Sabato 19 dicembre alle ore 11.00 sar\u00e0 infatti officiata una S. Messa alla quale sono stati invitati a partecipare il Vescovo di Gaeta, [&hellip;]<\/p>\n","protected":false},"author":60,"featured_media":171987,"comment_status":"open","ping_status":"closed","sticky":false,"template":"","format":"standard","meta":{"footnotes":""},"categories":[11],"tags":[],"class_list":["post-171986","post","type-post","status-publish","format-standard","has-post-thumbnail","hentry","category-economia"],"_links":{"self":[{"href":"https:\/\/www.radioluna.it\/news\/wp-json\/wp\/v2\/posts\/171986","targetHints":{"allow":["GET"]}}],"collection":[{"href":"https:\/\/www.radioluna.it\/news\/wp-json\/wp\/v2\/posts"}],"about":[{"href":"https:\/\/www.radioluna.it\/news\/wp-json\/wp\/v2\/types\/post"}],"author":[{"embeddable":true,"href":"https:\/\/www.radioluna.it\/news\/wp-json\/wp\/v2\/users\/60"}],"replies":[{"embeddable":true,"href":"https:\/\/www.radioluna.it\/news\/wp-json\/wp\/v2\/comments?post=171986"}],"version-history":[{"count":0,"href":"https:\/\/www.radioluna.it\/news\/wp-json\/wp\/v2\/posts\/171986\/revisions"}],"wp:featuredmedia":[{"embeddable":true,"href":"https:\/\/www.radioluna.it\/news\/wp-json\/wp\/v2\/media\/171987"}],"wp:attachment":[{"href":"https:\/\/www.radioluna.it\/news\/wp-json\/wp\/v2\/media?parent=171986"}],"wp:term":[{"taxonomy":"category","embeddable":true,"href":"https:\/\/www.radioluna.it\/news\/wp-json\/wp\/v2\/categories?post=171986"},{"taxonomy":"post_tag","embeddable":true,"href":"https:\/\/www.radioluna.it\/news\/wp-json\/wp\/v2\/tags?post=171986"}],"curies":[{"name":"wp","href":"https:\/\/api.w.org\/{rel}","templated":true}]}}