{"id":172009,"date":"2015-12-17T15:56:07","date_gmt":"2015-12-17T14:56:07","guid":{"rendered":"http:\/\/www.radioluna.it\/news\/?p=172009"},"modified":"2015-12-17T20:25:14","modified_gmt":"2015-12-17T19:25:14","slug":"una-vita-con-la-toga-festa-per-gli-avvocati","status":"publish","type":"post","link":"https:\/\/www.radioluna.it\/news\/2015\/12\/una-vita-con-la-toga-festa-per-gli-avvocati\/","title":{"rendered":"Una vita con la toga, festa per gli avvocati <storici>"},"content":{"rendered":"<div id=\"fb-root\"><\/div>\n<p><a href=\"http:\/\/www.radioluna.it\/news\/wp-content\/uploads\/2015\/12\/avvocati1.jpg\"><img loading=\"lazy\" decoding=\"async\" class=\"size-medium wp-image-172020 alignleft\" src=\"http:\/\/www.radioluna.it\/news\/wp-content\/uploads\/2015\/12\/avvocati1-300x168.jpg\" alt=\"avvocati\" width=\"300\" height=\"168\" srcset=\"https:\/\/www.radioluna.it\/news\/wp-content\/uploads\/2015\/12\/avvocati1-300x168.jpg 300w, https:\/\/www.radioluna.it\/news\/wp-content\/uploads\/2015\/12\/avvocati1-768x431.jpg 768w, https:\/\/www.radioluna.it\/news\/wp-content\/uploads\/2015\/12\/avvocati1-500x281.jpg 500w, https:\/\/www.radioluna.it\/news\/wp-content\/uploads\/2015\/12\/avvocati1-1024x575.jpg 1024w, https:\/\/www.radioluna.it\/news\/wp-content\/uploads\/2015\/12\/avvocati1-635x357.jpg 635w, https:\/\/www.radioluna.it\/news\/wp-content\/uploads\/2015\/12\/avvocati1-800x449.jpg 800w, https:\/\/www.radioluna.it\/news\/wp-content\/uploads\/2015\/12\/avvocati1.jpg 1000w\" sizes=\"auto, (max-width: 300px) 100vw, 300px\" \/><\/a><\/p>\n<p>&nbsp;<\/p>\n<p>LATINA- Hanno trascorso una vita con la toga. Questa mattina in Tribunale a Latina il presidente dell&#8217;Ordine degli Avvocati di Latina Gianni Lauretti, alla presenza anche del presidente del Tribunale Catello Pandolfi ha premiato i colleghi che sono iscritti all&#8217;ordine da pi\u00f9 tempo. &lt;E&#8217; doveroso ed \u00e8 un onore premiare chi ha svolto questo lavoro con passione e onest\u00e0&gt;, ha detto.Ecco l&#8217;elenco dei premiati\u00a0per chi \u00e8 avvocato da 35 anni: Rosanna Cervasi, Erasmo Fiumara, Michele Frasca, Benedetto Guglielmo, Michele Guidi, Ermanno Le Foche, Pasqualino Magliuzzi. C\u2019\u00e8 anche chi festeggia mezzo secolo con la toga e sono: Pietro Bianchi, Alessandro De Meo, Antonio Di Prima, Cosmo Damiano Pontecorvo, Francesco Sparagna, mentre festeggiano 60 anni con la toga: Giuseppe Angeloni e Giovanni Tasciotti.<\/p>\n<p>&nbsp;<\/p>\n<div class=\"radio-posizionamento-telefono-in-articoli-dopo-il-contenuto-articolo radio-entity-placement\" id=\"radio-4089205481\"><div id=\"radio-980559006\" style=\"width: 300px;height: 250px;\"><a href=\"https:\/\/www.icarspa.it\/auto\/usate\/latina\/\" aria-label=\"banner aprile icar new life &#8211; auto usate latina\"><img loading=\"lazy\" decoding=\"async\" src=\"https:\/\/www.radioluna.it\/news\/wp-content\/uploads\/2026\/02\/banner-aprile-icar-new-life-auto-usate-latina.gif\" alt=\"\"  width=\"300\" height=\"250\"   \/><\/a><\/div><\/div>","protected":false},"excerpt":{"rendered":"<p>&nbsp; LATINA- Hanno trascorso una vita con la toga. Questa mattina in Tribunale a Latina il presidente dell&#8217;Ordine degli Avvocati di Latina Gianni Lauretti, alla presenza anche del presidente del Tribunale Catello Pandolfi ha premiato i colleghi che sono iscritti all&#8217;ordine da pi\u00f9 tempo. &lt;E&#8217; doveroso ed \u00e8 un onore premiare chi ha svolto questo [&hellip;]<\/p>\n","protected":false},"author":60,"featured_media":172020,"comment_status":"open","ping_status":"closed","sticky":false,"template":"","format":"standard","meta":{"footnotes":""},"categories":[735,7],"tags":[],"class_list":["post-172009","post","type-post","status-publish","format-standard","has-post-thumbnail","hentry","category-attualita","category-cronaca"],"_links":{"self":[{"href":"https:\/\/www.radioluna.it\/news\/wp-json\/wp\/v2\/posts\/172009","targetHints":{"allow":["GET"]}}],"collection":[{"href":"https:\/\/www.radioluna.it\/news\/wp-json\/wp\/v2\/posts"}],"about":[{"href":"https:\/\/www.radioluna.it\/news\/wp-json\/wp\/v2\/types\/post"}],"author":[{"embeddable":true,"href":"https:\/\/www.radioluna.it\/news\/wp-json\/wp\/v2\/users\/60"}],"replies":[{"embeddable":true,"href":"https:\/\/www.radioluna.it\/news\/wp-json\/wp\/v2\/comments?post=172009"}],"version-history":[{"count":0,"href":"https:\/\/www.radioluna.it\/news\/wp-json\/wp\/v2\/posts\/172009\/revisions"}],"wp:featuredmedia":[{"embeddable":true,"href":"https:\/\/www.radioluna.it\/news\/wp-json\/wp\/v2\/media\/172020"}],"wp:attachment":[{"href":"https:\/\/www.radioluna.it\/news\/wp-json\/wp\/v2\/media?parent=172009"}],"wp:term":[{"taxonomy":"category","embeddable":true,"href":"https:\/\/www.radioluna.it\/news\/wp-json\/wp\/v2\/categories?post=172009"},{"taxonomy":"post_tag","embeddable":true,"href":"https:\/\/www.radioluna.it\/news\/wp-json\/wp\/v2\/tags?post=172009"}],"curies":[{"name":"wp","href":"https:\/\/api.w.org\/{rel}","templated":true}]}}