{"id":172098,"date":"2015-12-19T20:13:46","date_gmt":"2015-12-19T19:13:46","guid":{"rendered":"http:\/\/www.radioluna.it\/news\/?p=172098"},"modified":"2015-12-19T20:13:46","modified_gmt":"2015-12-19T19:13:46","slug":"somma-pari-giusto-che-ci-regala-serenita","status":"publish","type":"post","link":"https:\/\/www.radioluna.it\/news\/2015\/12\/somma-pari-giusto-che-ci-regala-serenita\/","title":{"rendered":"Somma: pari giusto che ci regala serenit\u00e0"},"content":{"rendered":"<div id=\"fb-root\"><\/div>\n<p><a href=\"http:\/\/www.radioluna.it\/news\/wp-content\/uploads\/2015\/12\/Mario-Somma.jpg\"><img loading=\"lazy\" decoding=\"async\" class=\"aligncenter size-thumbnail wp-image-172099\" src=\"http:\/\/www.radioluna.it\/news\/wp-content\/uploads\/2015\/12\/Mario-Somma-635x423.jpg\" alt=\"Mario Somma\" width=\"635\" height=\"423\" srcset=\"https:\/\/www.radioluna.it\/news\/wp-content\/uploads\/2015\/12\/Mario-Somma-635x423.jpg 635w, https:\/\/www.radioluna.it\/news\/wp-content\/uploads\/2015\/12\/Mario-Somma-500x333.jpg 500w, https:\/\/www.radioluna.it\/news\/wp-content\/uploads\/2015\/12\/Mario-Somma-600x400.jpg 600w, https:\/\/www.radioluna.it\/news\/wp-content\/uploads\/2015\/12\/Mario-Somma-300x200.jpg 300w, https:\/\/www.radioluna.it\/news\/wp-content\/uploads\/2015\/12\/Mario-Somma.jpg 720w\" sizes=\"auto, (max-width: 635px) 100vw, 635px\" \/><\/a><\/p>\n<p>LATINA- Anche Mario Somma quando il Crotone ha siglato il 2-1 probabilmente ha visto sempre pi\u00f9 vicina l&#8217;ombra di una sconfitta, nonostante una prova gagliarda dei suoi uomini, rimasti in dieci contro la squadra che gioca il miglior calcio della serie B. La rete finale di Acosty ha riportato la gara in parit\u00e0 e sopratutto ha riportato fiducia. \u00a0&lt;Credo che il risultato sia fondamentalmente giusto \u2013 ha detto il trainer nerazzurro come riporta il sito Us Latina \u2013E\u2019 normale che loro hanno il rimpianto di aver preso gol allo scadere ma noi recriminiamo per l\u2019episodio del rigore che ci \u00e8 costato anche l\u2019inferiorit\u00e0 numerica. In campo si sono affrontate due squadre con filosofie di gioco diverse, ma comunque offensive: se una delle due a tratti si \u00e8 chiusa \u00e8 stato per la forza dell\u2019avversario. Il Crotone merita ampiamente la posizione di classifica che occupa, ha dimostrato tutta la sua forza; a noi resta la consapevolezza di averlo messi in difficolt\u00e0 e qualche merito sicuramente ce l\u2019abbiamo. Fino a quando siamo rimasti undici contro undici, il Crotone non aveva mai tirato in porta. Il pareggio raggiunto in questo modo \u2013 ha aggiunto Somma \u2013 ci regala un po\u2019 di serenit\u00e0 per proseguire il lavoro che abbiamo intrapreso. Questo \u00e8 un gruppo che si allena sempre con grande impegno e con la massima professionalit\u00e0, se avessimo perso la partita sarebbe stato pesante da digerire e molto difficile da spiegare ai ragazzi&gt;. E&#8217; contento Acosty, autore del sesto gol stagionale, tra i protagonisti di questa prima parte della stagione. &lt;Per come si era messa ad un certo punto la gara, il pari va bene perch\u00e9 poteva andare peggio. Tutti noi abbiamo creduto di poter far punti, siamo partiti bene, poi quel rigore con l&#8217; espulsione ci ha messo un po\u2019 in difficolt\u00e0 &#8211; ha detto &#8211; \u00a0per fortuna che alla fine siamo riusciti a pareggiare. E\u2019 stata una gara anche di sacrificio, se volevamo portare a casa qualche punto era necessario farlo. Il nostro \u00e8 un gruppo solido, sicuramente i risultati finora non ci stanno premiando ma certamente nessuno di noi molla: lotteremo per risalire il pi\u00f9 presto possibile. Personalmente sono felice per il gol, sto facendo bene: qui mi trovo benissimo e voglio restare a Latina il pi\u00f9 a lungo possibile&gt;. (nella foto Mario Somma Lega serie B)<\/p>\n<div class=\"radio-posizionamento-telefono-in-articoli-dopo-il-contenuto-articolo radio-entity-placement\" id=\"radio-245983025\"><div id=\"radio-1716755439\"><a href=\"https:\/\/grupporedi.it\/\" aria-label=\"Redi-Qr\"><img loading=\"lazy\" decoding=\"async\" src=\"https:\/\/www.radioluna.it\/news\/wp-content\/uploads\/2026\/03\/Redi-Qr.jpg\" alt=\"\"  srcset=\"https:\/\/www.radioluna.it\/news\/wp-content\/uploads\/2026\/03\/Redi-Qr.jpg 800w, https:\/\/www.radioluna.it\/news\/wp-content\/uploads\/2026\/03\/Redi-Qr-768x639.jpg 768w\" sizes=\"(max-width: 800px) 100vw, 800px\" width=\"300\" height=\"250\"   \/><\/a><\/div><\/div>","protected":false},"excerpt":{"rendered":"<p>LATINA- Anche Mario Somma quando il Crotone ha siglato il 2-1 probabilmente ha visto sempre pi\u00f9 vicina l&#8217;ombra di una sconfitta, nonostante una prova gagliarda dei suoi uomini, rimasti in dieci contro la squadra che gioca il miglior calcio della serie B. La rete finale di Acosty ha riportato la gara in parit\u00e0 e sopratutto [&hellip;]<\/p>\n","protected":false},"author":60,"featured_media":172099,"comment_status":"open","ping_status":"closed","sticky":false,"template":"","format":"standard","meta":{"footnotes":""},"categories":[17],"tags":[],"class_list":["post-172098","post","type-post","status-publish","format-standard","has-post-thumbnail","hentry","category-sport"],"_links":{"self":[{"href":"https:\/\/www.radioluna.it\/news\/wp-json\/wp\/v2\/posts\/172098","targetHints":{"allow":["GET"]}}],"collection":[{"href":"https:\/\/www.radioluna.it\/news\/wp-json\/wp\/v2\/posts"}],"about":[{"href":"https:\/\/www.radioluna.it\/news\/wp-json\/wp\/v2\/types\/post"}],"author":[{"embeddable":true,"href":"https:\/\/www.radioluna.it\/news\/wp-json\/wp\/v2\/users\/60"}],"replies":[{"embeddable":true,"href":"https:\/\/www.radioluna.it\/news\/wp-json\/wp\/v2\/comments?post=172098"}],"version-history":[{"count":0,"href":"https:\/\/www.radioluna.it\/news\/wp-json\/wp\/v2\/posts\/172098\/revisions"}],"wp:featuredmedia":[{"embeddable":true,"href":"https:\/\/www.radioluna.it\/news\/wp-json\/wp\/v2\/media\/172099"}],"wp:attachment":[{"href":"https:\/\/www.radioluna.it\/news\/wp-json\/wp\/v2\/media?parent=172098"}],"wp:term":[{"taxonomy":"category","embeddable":true,"href":"https:\/\/www.radioluna.it\/news\/wp-json\/wp\/v2\/categories?post=172098"},{"taxonomy":"post_tag","embeddable":true,"href":"https:\/\/www.radioluna.it\/news\/wp-json\/wp\/v2\/tags?post=172098"}],"curies":[{"name":"wp","href":"https:\/\/api.w.org\/{rel}","templated":true}]}}