{"id":172152,"date":"2015-12-22T10:15:57","date_gmt":"2015-12-22T09:15:57","guid":{"rendered":"http:\/\/www.radioluna.it\/news\/?p=172152"},"modified":"2015-12-22T10:15:57","modified_gmt":"2015-12-22T09:15:57","slug":"pd-latina-ora-e-scontro-aperto-moscardelli-attacca-forte-fallita-la-spallata","status":"publish","type":"post","link":"https:\/\/www.radioluna.it\/news\/2015\/12\/pd-latina-ora-e-scontro-aperto-moscardelli-attacca-forte-fallita-la-spallata\/","title":{"rendered":"Pd Latina, ora \u00e8 scontro aperto. Moscardelli attacca Forte: &#8220;Fallita la spallata&#8221;"},"content":{"rendered":"<div id=\"fb-root\"><\/div>\n<p style=\"text-align: justify;\"><strong><a href=\"http:\/\/www.radioluna.it\/news\/wp-content\/uploads\/2015\/09\/forte.jpg\"><img loading=\"lazy\" decoding=\"async\" class=\"aligncenter size-thumbnail wp-image-168511\" src=\"http:\/\/www.radioluna.it\/news\/wp-content\/uploads\/2015\/09\/forte-635x482.jpg\" alt=\"forte\" width=\"635\" height=\"482\" srcset=\"https:\/\/www.radioluna.it\/news\/wp-content\/uploads\/2015\/09\/forte-635x482.jpg 635w, https:\/\/www.radioluna.it\/news\/wp-content\/uploads\/2015\/09\/forte-768x583.jpg 768w, https:\/\/www.radioluna.it\/news\/wp-content\/uploads\/2015\/09\/forte-500x379.jpg 500w, https:\/\/www.radioluna.it\/news\/wp-content\/uploads\/2015\/09\/forte-300x228.jpg 300w, https:\/\/www.radioluna.it\/news\/wp-content\/uploads\/2015\/09\/forte-1024x777.jpg 1024w, https:\/\/www.radioluna.it\/news\/wp-content\/uploads\/2015\/09\/forte-800x607.jpg 800w, https:\/\/www.radioluna.it\/news\/wp-content\/uploads\/2015\/09\/forte.jpg 1000w\" sizes=\"auto, (max-width: 635px) 100vw, 635px\" \/><\/a>LATINA<\/strong> &#8211; Con un post su Facebook che racconta senza veli tutta la guerra interna al Partito Democratico di Latina, il senatore Claudio Moscardelli attacca l&#8217;ex amico Enrico Forte e scrive: &#8220;Ieri \u00e8 fallita la spallata al partito da parte di Forte per occupare il PD di Latina. Sono sbigottito per il senso di irresponsabilit\u00e0 mostrato da Enrico Forte che ha passato la giornata a telefonare singolarmente a componenti l&#8217;assemblea comunale del PD per tentare di strappare un voto in assemblea in perfetta parit\u00e0&#8221;. E pensare che le primarie (lo torniamo a dire) non dovevano essere un congresso (citazione da Forte). Le dimissioni di Gioacchino Quattrola dalla segreteria cittadina, gi\u00e0 sintomatiche dello stato di sofferenza interno al Pd nel dopo consultazione, hanno di fatto aperto un fronte peggiore che non la battaglia consumatasi durante le primarie.<\/p>\n<p style=\"text-align: justify;\">Forte vuole alla guida del Pd cittadino, Andrea Giansanti che nella votazione di ieri ha raccolto 21 voti contro i 23 minimi richiesti. Moscardelli dal canto suo non propone candidati, ma diserta le assemblee e vuole far fallire il tentativo dell&#8217;ormai candidato sindaco di controllare il partito. Lo accusa di scorrettezze palesi: &#8220;\u00c8&#8217; stato triste \u00a0&#8211; aggiunge ancora Moscardelli &#8211; ascoltare tutti i tentativi di pressione su tanti amici ed amiche per cambiare campo e votare Andrea Giansanti.\u00a0Dopo le primarie abbiamo mostrato grande lealt\u00e0 al PD e sostenuto tutti la candidatura di Forte con cui ho avuto il piacere di parlare 20 gg dopo il 22 novembre. La risposta \u00e8 il tentativo di occupazione del partito e una conta congressuale&#8221;.<\/p>\n<p style=\"text-align: justify;\">Oggi i contendenti si ritroveranno davanti al vicesegretario nazionale Lorenzo Guerini \u00a0per trovare la strada da imboccare per proseguire il cammino verso le amministrative. Come andr\u00e0 a finire? L&#8217;unica cosa certa per ora \u00e8 che non \u00e8 questo il modo migliore di prepararsi\u00a0a governare Latina.<\/p>\n<div class=\"radio-posizionamento-telefono-in-articoli-dopo-il-contenuto-articolo radio-entity-placement\" id=\"radio-2595946788\"><div id=\"radio-2539304726\"><a href=\"https:\/\/www.simeoneceramiche.com\/\" aria-label=\"SIMEONE CERAMICHE GIF animata per radioluna_Tavola disegno 1 copia 2 (online-video-cutter.com)\"><img loading=\"lazy\" decoding=\"async\" src=\"https:\/\/www.radioluna.it\/news\/wp-content\/uploads\/2025\/05\/SIMEONE-CERAMICHE-GIF-animata-per-radioluna_Tavola-disegno-1-copia-2-online-video-cutter.com_.gif\" alt=\"\"  width=\"300\" height=\"250\"   \/><\/a><\/div><\/div>","protected":false},"excerpt":{"rendered":"<p>LATINA &#8211; Con un post su Facebook che racconta senza veli tutta la guerra interna al Partito Democratico di Latina, il senatore Claudio Moscardelli attacca l&#8217;ex amico Enrico Forte e scrive: &#8220;Ieri \u00e8 fallita la spallata al partito da parte di Forte per occupare il PD di Latina. Sono sbigottito per il senso di irresponsabilit\u00e0 [&hellip;]<\/p>\n","protected":false},"author":62,"featured_media":167288,"comment_status":"open","ping_status":"closed","sticky":false,"template":"","format":"standard","meta":{"footnotes":""},"categories":[8],"tags":[],"class_list":["post-172152","post","type-post","status-publish","format-standard","has-post-thumbnail","hentry","category-politica"],"_links":{"self":[{"href":"https:\/\/www.radioluna.it\/news\/wp-json\/wp\/v2\/posts\/172152","targetHints":{"allow":["GET"]}}],"collection":[{"href":"https:\/\/www.radioluna.it\/news\/wp-json\/wp\/v2\/posts"}],"about":[{"href":"https:\/\/www.radioluna.it\/news\/wp-json\/wp\/v2\/types\/post"}],"author":[{"embeddable":true,"href":"https:\/\/www.radioluna.it\/news\/wp-json\/wp\/v2\/users\/62"}],"replies":[{"embeddable":true,"href":"https:\/\/www.radioluna.it\/news\/wp-json\/wp\/v2\/comments?post=172152"}],"version-history":[{"count":0,"href":"https:\/\/www.radioluna.it\/news\/wp-json\/wp\/v2\/posts\/172152\/revisions"}],"wp:featuredmedia":[{"embeddable":true,"href":"https:\/\/www.radioluna.it\/news\/wp-json\/wp\/v2\/media\/167288"}],"wp:attachment":[{"href":"https:\/\/www.radioluna.it\/news\/wp-json\/wp\/v2\/media?parent=172152"}],"wp:term":[{"taxonomy":"category","embeddable":true,"href":"https:\/\/www.radioluna.it\/news\/wp-json\/wp\/v2\/categories?post=172152"},{"taxonomy":"post_tag","embeddable":true,"href":"https:\/\/www.radioluna.it\/news\/wp-json\/wp\/v2\/tags?post=172152"}],"curies":[{"name":"wp","href":"https:\/\/api.w.org\/{rel}","templated":true}]}}