{"id":172286,"date":"2015-12-28T10:26:31","date_gmt":"2015-12-28T09:26:31","guid":{"rendered":"http:\/\/www.radioluna.it\/news\/?p=172286"},"modified":"2015-12-29T18:21:48","modified_gmt":"2015-12-29T17:21:48","slug":"sequestrato-lo-studio-dellavvocato-paolo-censi-investigatori-al-lavoro-per-capire","status":"publish","type":"post","link":"https:\/\/www.radioluna.it\/news\/2015\/12\/sequestrato-lo-studio-dellavvocato-paolo-censi-investigatori-al-lavoro-per-capire\/","title":{"rendered":"Sequestrato lo studio dell&#8217;avvocato Paolo Censi, investigatori al lavoro per capire"},"content":{"rendered":"<div id=\"fb-root\"><\/div>\n<p style=\"text-align: justify;\"><strong><a href=\"http:\/\/www.radioluna.it\/news\/wp-content\/uploads\/2015\/12\/paolo-censi-p\u00e8rimo-piano1.jpg\"><img loading=\"lazy\" decoding=\"async\" class=\"aligncenter size-thumbnail wp-image-172218\" src=\"http:\/\/www.radioluna.it\/news\/wp-content\/uploads\/2015\/12\/paolo-censi-p\u00e8rimo-piano1-635x435.jpg\" alt=\"paolo censi p\u00e8rimo piano\" width=\"635\" height=\"435\" srcset=\"https:\/\/www.radioluna.it\/news\/wp-content\/uploads\/2015\/12\/paolo-censi-p\u00e8rimo-piano1-635x435.jpg 635w, https:\/\/www.radioluna.it\/news\/wp-content\/uploads\/2015\/12\/paolo-censi-p\u00e8rimo-piano1-500x343.jpg 500w, https:\/\/www.radioluna.it\/news\/wp-content\/uploads\/2015\/12\/paolo-censi-p\u00e8rimo-piano1-300x206.jpg 300w, https:\/\/www.radioluna.it\/news\/wp-content\/uploads\/2015\/12\/paolo-censi-p\u00e8rimo-piano1.jpg 743w\" sizes=\"auto, (max-width: 635px) 100vw, 635px\" \/><\/a>LATINA<\/strong> &#8211; Lo studio in Piazza Buozzi dell&#8217;avvocato Paolo Censi \u00e8 stato sequestrato dalla squadra mobile su disposizione della Procura di Latina. Cos\u00ec va avanti l&#8217;inchiesta sulla morte del professionista conosciutissimo a Latina, che si \u00e8 ucciso sparandosi un colpo di pistola alla testa nella stanza in cui preparava i suoi processi, a pochi passi da Tribunale. Un fatto in aperto contrasto con la vita che Censi conduceva da sempre e per questo inspiegabile.<\/p>\n<p style=\"text-align: justify;\">Il fatto che l&#8217;autopsia abbia confermato il gesto volontario e che il legale abbia usato una calibro 7,65 acquistata due mesi fa, che custodiva abitualmente in casa, e che quel giorno, invece, ha portato con s\u00e9, non chiarisce tutto. E anzi, l&#8217;acquisto stesso della pistola, fa sorgere dubbi.<\/p>\n<p>Questioni legate alla vita professionale e in grado di sconvolgere la vita di Censi e insieme quella della sua famiglia , potrebbero essere la causa della decisione di togliersi la vita? Resta la tragedia dei familiari e lo sgomento di amici e colleghi che dalla mattina del 23 dicembre si interrogano.<\/p>\n<p>Per tentare di chiarire ogni particolare gli esperti della squadra Mobile nelle prossime ore analizzeranno i faldoni sequestrati subito dopo il suicidio nello studio del legale. Al vaglio anche le telefonate, i rapporti avuti negli ultimi tempi, gli ultimi spostamenti, anche all&#8217;estero.<\/p>\n<p style=\"text-align: justify;\">\n","protected":false},"excerpt":{"rendered":"<p>LATINA &#8211; Lo studio in Piazza Buozzi dell&#8217;avvocato Paolo Censi \u00e8 stato sequestrato dalla squadra mobile su disposizione della Procura di Latina. Cos\u00ec va avanti l&#8217;inchiesta sulla morte del professionista conosciutissimo a Latina, che si \u00e8 ucciso sparandosi un colpo di pistola alla testa nella stanza in cui preparava i suoi processi, a pochi passi [&hellip;]<\/p>\n","protected":false},"author":62,"featured_media":172218,"comment_status":"open","ping_status":"closed","sticky":false,"template":"","format":"standard","meta":{"footnotes":""},"categories":[7],"tags":[],"class_list":["post-172286","post","type-post","status-publish","format-standard","has-post-thumbnail","hentry","category-cronaca"],"_links":{"self":[{"href":"https:\/\/www.radioluna.it\/news\/wp-json\/wp\/v2\/posts\/172286","targetHints":{"allow":["GET"]}}],"collection":[{"href":"https:\/\/www.radioluna.it\/news\/wp-json\/wp\/v2\/posts"}],"about":[{"href":"https:\/\/www.radioluna.it\/news\/wp-json\/wp\/v2\/types\/post"}],"author":[{"embeddable":true,"href":"https:\/\/www.radioluna.it\/news\/wp-json\/wp\/v2\/users\/62"}],"replies":[{"embeddable":true,"href":"https:\/\/www.radioluna.it\/news\/wp-json\/wp\/v2\/comments?post=172286"}],"version-history":[{"count":0,"href":"https:\/\/www.radioluna.it\/news\/wp-json\/wp\/v2\/posts\/172286\/revisions"}],"wp:featuredmedia":[{"embeddable":true,"href":"https:\/\/www.radioluna.it\/news\/wp-json\/wp\/v2\/media\/172218"}],"wp:attachment":[{"href":"https:\/\/www.radioluna.it\/news\/wp-json\/wp\/v2\/media?parent=172286"}],"wp:term":[{"taxonomy":"category","embeddable":true,"href":"https:\/\/www.radioluna.it\/news\/wp-json\/wp\/v2\/categories?post=172286"},{"taxonomy":"post_tag","embeddable":true,"href":"https:\/\/www.radioluna.it\/news\/wp-json\/wp\/v2\/tags?post=172286"}],"curies":[{"name":"wp","href":"https:\/\/api.w.org\/{rel}","templated":true}]}}