{"id":172304,"date":"2015-12-28T20:09:50","date_gmt":"2015-12-28T19:09:50","guid":{"rendered":"http:\/\/www.radioluna.it\/news\/?p=172304"},"modified":"2015-12-28T20:09:50","modified_gmt":"2015-12-28T19:09:50","slug":"dal-goretti-a-citta-del-vaticano-pegaso-44-atterra-nella-nuova-piazzola","status":"publish","type":"post","link":"https:\/\/www.radioluna.it\/news\/2015\/12\/dal-goretti-a-citta-del-vaticano-pegaso-44-atterra-nella-nuova-piazzola\/","title":{"rendered":"Dal Goretti a Citt\u00e0 del Vaticano, Pegaso 44 atterra nella nuova piazzola"},"content":{"rendered":"<div id=\"fb-root\"><\/div>\n<div id=\"attachment_168977\" style=\"width: 310px\" class=\"wp-caption alignleft\"><a href=\"http:\/\/www.radioluna.it\/news\/wp-content\/uploads\/2015\/09\/118-g.jpg\"><img loading=\"lazy\" decoding=\"async\" aria-describedby=\"caption-attachment-168977\" class=\"size-medium wp-image-168977\" src=\"http:\/\/www.radioluna.it\/news\/wp-content\/uploads\/2015\/09\/118-g-300x200.jpg\" alt=\"Eliambulanza al Goretti\" width=\"300\" height=\"200\" srcset=\"https:\/\/www.radioluna.it\/news\/wp-content\/uploads\/2015\/09\/118-g-300x200.jpg 300w, https:\/\/www.radioluna.it\/news\/wp-content\/uploads\/2015\/09\/118-g-768x511.jpg 768w, https:\/\/www.radioluna.it\/news\/wp-content\/uploads\/2015\/09\/118-g-500x333.jpg 500w, https:\/\/www.radioluna.it\/news\/wp-content\/uploads\/2015\/09\/118-g-600x400.jpg 600w, https:\/\/www.radioluna.it\/news\/wp-content\/uploads\/2015\/09\/118-g-635x422.jpg 635w, https:\/\/www.radioluna.it\/news\/wp-content\/uploads\/2015\/09\/118-g.jpg 800w\" sizes=\"auto, (max-width: 300px) 100vw, 300px\" \/><\/a><p id=\"caption-attachment-168977\" class=\"wp-caption-text\">Eliambulanza al Goretti<\/p><\/div>\n<p style=\"text-align: justify;\"><strong>LATINA<\/strong> &#8211; Una bambina di tre anni \u00e8 stata trasferita velocemente all&#8217;ospedale pediatrico Bambino Ges\u00f9 di Roma, grazie alla disponibilit\u00e0 della piazzola di atterraggio e decollo degli elicotteri all&#8217;interno della Citt\u00e0 del Vaticano. &#8220;La struttura &#8211; si legge in una nota di Elitaliana &#8211; \u00e8 stata messa a disposizione del sistema regionale dell&#8217;emergenza su precisa indicazione di Papa Francesco al fine di rendere pi\u00f9 veloci i trasferimenti dei piccoli pazienti presso l&#8217;ospedale pediatrico Bambin Ges\u00f9. La Regione attraverso l&#8217;Ares ha definito le modalit\u00e0 di utilizzo attraverso una convenzione che \u00e8 diventata operativa prima delle festivit\u00e0 natalizie e che ha permesso l&#8217;inserimento della base all&#8217;interno del progetto di potenziamento dell&#8217;elisoccorso regionale varato in occasione del Giubileo&#8221;.<\/p>\n<p style=\"text-align: justify;\">Ad atterrare oggi \u00e8 stata l&#8217;eliambulanza del 118 Pegaso 44 di stanza a Latina, per permettere il trasferimento veloce al Bambin Ges\u00f9 di una bambina di 3 anni ricoverata da ieri al Goretti di Latina con un forte trauma cranico causato da una caduta. La piccola si trova in via precauzionale in\u00a0terapia intensiva pediatrica.<\/p>\n","protected":false},"excerpt":{"rendered":"<p>LATINA &#8211; Una bambina di tre anni \u00e8 stata trasferita velocemente all&#8217;ospedale pediatrico Bambino Ges\u00f9 di Roma, grazie alla disponibilit\u00e0 della piazzola di atterraggio e decollo degli elicotteri all&#8217;interno della Citt\u00e0 del Vaticano. &#8220;La struttura &#8211; si legge in una nota di Elitaliana &#8211; \u00e8 stata messa a disposizione del sistema regionale dell&#8217;emergenza su precisa [&hellip;]<\/p>\n","protected":false},"author":60,"featured_media":168977,"comment_status":"open","ping_status":"closed","sticky":false,"template":"","format":"standard","meta":{"footnotes":""},"categories":[7],"tags":[],"class_list":["post-172304","post","type-post","status-publish","format-standard","has-post-thumbnail","hentry","category-cronaca"],"_links":{"self":[{"href":"https:\/\/www.radioluna.it\/news\/wp-json\/wp\/v2\/posts\/172304","targetHints":{"allow":["GET"]}}],"collection":[{"href":"https:\/\/www.radioluna.it\/news\/wp-json\/wp\/v2\/posts"}],"about":[{"href":"https:\/\/www.radioluna.it\/news\/wp-json\/wp\/v2\/types\/post"}],"author":[{"embeddable":true,"href":"https:\/\/www.radioluna.it\/news\/wp-json\/wp\/v2\/users\/60"}],"replies":[{"embeddable":true,"href":"https:\/\/www.radioluna.it\/news\/wp-json\/wp\/v2\/comments?post=172304"}],"version-history":[{"count":0,"href":"https:\/\/www.radioluna.it\/news\/wp-json\/wp\/v2\/posts\/172304\/revisions"}],"wp:featuredmedia":[{"embeddable":true,"href":"https:\/\/www.radioluna.it\/news\/wp-json\/wp\/v2\/media\/168977"}],"wp:attachment":[{"href":"https:\/\/www.radioluna.it\/news\/wp-json\/wp\/v2\/media?parent=172304"}],"wp:term":[{"taxonomy":"category","embeddable":true,"href":"https:\/\/www.radioluna.it\/news\/wp-json\/wp\/v2\/categories?post=172304"},{"taxonomy":"post_tag","embeddable":true,"href":"https:\/\/www.radioluna.it\/news\/wp-json\/wp\/v2\/tags?post=172304"}],"curies":[{"name":"wp","href":"https:\/\/api.w.org\/{rel}","templated":true}]}}