{"id":172305,"date":"2015-12-28T20:00:35","date_gmt":"2015-12-28T19:00:35","guid":{"rendered":"http:\/\/www.radioluna.it\/news\/?p=172305"},"modified":"2015-12-28T20:26:08","modified_gmt":"2015-12-28T19:26:08","slug":"latina-ruba-un-televisore-e-scappa-riconosciuto-dai-tatuaggi","status":"publish","type":"post","link":"https:\/\/www.radioluna.it\/news\/2015\/12\/latina-ruba-un-televisore-e-scappa-riconosciuto-dai-tatuaggi\/","title":{"rendered":"Latina. Ruba un televisore e scappa, riconosciuto dai tatuaggi"},"content":{"rendered":"<div id=\"fb-root\"><\/div>\n<p style=\"text-align: justify;\"><a href=\"http:\/\/www.radioluna.it\/news\/wp-content\/uploads\/2015\/03\/volante.jpg\"><img loading=\"lazy\" decoding=\"async\" class=\"size-medium wp-image-161645 alignleft\" src=\"http:\/\/www.radioluna.it\/news\/wp-content\/uploads\/2015\/03\/volante-300x200.jpg\" alt=\"volante\" width=\"300\" height=\"200\" srcset=\"https:\/\/www.radioluna.it\/news\/wp-content\/uploads\/2015\/03\/volante-300x200.jpg 300w, https:\/\/www.radioluna.it\/news\/wp-content\/uploads\/2015\/03\/volante-768x512.jpg 768w, https:\/\/www.radioluna.it\/news\/wp-content\/uploads\/2015\/03\/volante-500x333.jpg 500w, https:\/\/www.radioluna.it\/news\/wp-content\/uploads\/2015\/03\/volante-600x400.jpg 600w, https:\/\/www.radioluna.it\/news\/wp-content\/uploads\/2015\/03\/volante-1024x683.jpg 1024w, https:\/\/www.radioluna.it\/news\/wp-content\/uploads\/2015\/03\/volante-635x423.jpg 635w, https:\/\/www.radioluna.it\/news\/wp-content\/uploads\/2015\/03\/volante-800x534.jpg 800w, https:\/\/www.radioluna.it\/news\/wp-content\/uploads\/2015\/03\/volante.jpg 1000w\" sizes=\"auto, (max-width: 300px) 100vw, 300px\" \/><\/a>LATINA \u00a0&#8211; Ha rubato un televisore nel\u00a0Supermercato Conad di Viale Nervi a Latina, inseguito\u00a0fino al parcheggio esterno da alcuni dipendenti, \u00e8 riuscito a dileguarsi in direzione del Palazzo di Vetro facendo perdere le proprie tracce. Ma il ladro, un uomo di 30 anni di origini francesi, \u00e8 stato tradito dai suoi vistosi tatuaggi sul viso e sul collo. Dalle immagini delle telecamere di sorveglianza e dalle testimonianze dei dipendenti, i poliziotti sono riusciti cos\u00ec a risalire immediatamente all&#8217;identit\u00e0 del ragazzo. Rintracciato infatti, nei pressi della sua abitazione \u00e8 stato portato in Questura ed\u00a0in attesa del processo per direttissima che si svolger\u00e0 il 30 dicembre. L&#8217;uomo \u00e8 stato denunciato anche per un altro episodio avvenuto\u00a0presso il Supermercato Panorama, dove ha minacciato con un coltello il personale della sicurezza.<\/p>\n","protected":false},"excerpt":{"rendered":"<p>LATINA \u00a0&#8211; Ha rubato un televisore nel\u00a0Supermercato Conad di Viale Nervi a Latina, inseguito\u00a0fino al parcheggio esterno da alcuni dipendenti, \u00e8 riuscito a dileguarsi in direzione del Palazzo di Vetro facendo perdere le proprie tracce. Ma il ladro, un uomo di 30 anni di origini francesi, \u00e8 stato tradito dai suoi vistosi tatuaggi sul viso [&hellip;]<\/p>\n","protected":false},"author":60,"featured_media":161645,"comment_status":"open","ping_status":"closed","sticky":false,"template":"","format":"standard","meta":{"footnotes":""},"categories":[7],"tags":[],"class_list":["post-172305","post","type-post","status-publish","format-standard","has-post-thumbnail","hentry","category-cronaca"],"_links":{"self":[{"href":"https:\/\/www.radioluna.it\/news\/wp-json\/wp\/v2\/posts\/172305","targetHints":{"allow":["GET"]}}],"collection":[{"href":"https:\/\/www.radioluna.it\/news\/wp-json\/wp\/v2\/posts"}],"about":[{"href":"https:\/\/www.radioluna.it\/news\/wp-json\/wp\/v2\/types\/post"}],"author":[{"embeddable":true,"href":"https:\/\/www.radioluna.it\/news\/wp-json\/wp\/v2\/users\/60"}],"replies":[{"embeddable":true,"href":"https:\/\/www.radioluna.it\/news\/wp-json\/wp\/v2\/comments?post=172305"}],"version-history":[{"count":0,"href":"https:\/\/www.radioluna.it\/news\/wp-json\/wp\/v2\/posts\/172305\/revisions"}],"wp:featuredmedia":[{"embeddable":true,"href":"https:\/\/www.radioluna.it\/news\/wp-json\/wp\/v2\/media\/161645"}],"wp:attachment":[{"href":"https:\/\/www.radioluna.it\/news\/wp-json\/wp\/v2\/media?parent=172305"}],"wp:term":[{"taxonomy":"category","embeddable":true,"href":"https:\/\/www.radioluna.it\/news\/wp-json\/wp\/v2\/categories?post=172305"},{"taxonomy":"post_tag","embeddable":true,"href":"https:\/\/www.radioluna.it\/news\/wp-json\/wp\/v2\/tags?post=172305"}],"curies":[{"name":"wp","href":"https:\/\/api.w.org\/{rel}","templated":true}]}}