{"id":172370,"date":"2015-12-30T11:00:41","date_gmt":"2015-12-30T10:00:41","guid":{"rendered":"http:\/\/www.radioluna.it\/news\/?p=172370"},"modified":"2015-12-30T11:05:42","modified_gmt":"2015-12-30T10:05:42","slug":"tiziano-ferro-il-2015-un-anno-di-successi","status":"publish","type":"post","link":"https:\/\/www.radioluna.it\/news\/2015\/12\/tiziano-ferro-il-2015-un-anno-di-successi\/","title":{"rendered":"Tiziano Ferro, il 2015 un anno di successi"},"content":{"rendered":"<div id=\"fb-root\"><\/div>\n<div id=\"fb-root\"><\/div>\n<p><script>\/\/ <![CDATA[\n(function(d, s, id) { var js, fjs = d.getElementsByTagName(s)[0]; if (d.getElementById(id)) return; js = d.createElement(s); js.id = id; js.src = \"\/\/connect.facebook.net\/it_IT\/sdk.js#xfbml=1&#038;version=v2.3\"; fjs.parentNode.insertBefore(js, fjs);}(document, 'script', 'facebook-jssdk'));\n\/\/ ]]><\/script><\/p>\n<div class=\"fb-video\" data-allowfullscreen=\"1\" data-href=\"https:\/\/www.facebook.com\/tizianoferro\/videos\/10153340184877898\/\">\n<div class=\"fb-xfbml-parse-ignore\">\n<blockquote cite=\"https:\/\/www.facebook.com\/tizianoferro\/videos\/10153340184877898\/\"><p>Ci vediamo stasera alle 21:20 su RAI 1#TizianoRai1<\/p>\n<p>Posted by <a href=\"https:\/\/www.facebook.com\/tizianoferro\/\">Tiziano Ferro<\/a> on Mercoled\u00ec 30 dicembre 2015<\/p><\/blockquote>\n<\/div>\n<\/div>\n<div id=\"fb-root\" style=\"text-align: justify;\"><strong>LATINA<\/strong> &#8211; Con 350mila copie vendute del suo Tzn The Best of, e sette dischi di platino, Tiziano Ferro si avvia a chiudere un anno di successi. Se si esclude l&#8217;influenza che lo ha costretto a interrompere per una settimana il suo European Tour, il 2015 \u00e8 stato un altro anno tutto in crescita per il cantante di Latina che ha trascorso il Natale in famiglia a Latina dedicando ai fan una canzone di auguri registrata nella camera della casa dei genitori che occupava quando scriveva il suo primo successo, XDono.\u00a0\u00a0Il 2015 &#8220;\u00e8 stato l&#8217;anno pi\u00f9 importante perch\u00e9 sono arrivati i frutti di tutta una carriera&#8221; ha dichiarato in una recente intervista a La Stampa. Stasera, come annuncia il post pubblicato su Fb, Tiziano sar\u00e0 su Rai 1.<script>\/\/ <![CDATA[\n(function(d, s, id) { var js, fjs = d.getElementsByTagName(s)[0]; if (d.getElementById(id)) return; js = d.createElement(s); js.id = id; js.src = \"\/\/connect.facebook.net\/it_IT\/sdk.js#xfbml=1&#038;version=v2.3\"; fjs.parentNode.insertBefore(js, fjs);}(document, 'script', 'facebook-jssdk'));\n\/\/ ]]><\/script><\/div>\n","protected":false},"excerpt":{"rendered":"<p>Ci vediamo stasera alle 21:20 su RAI 1#TizianoRai1 Posted by Tiziano Ferro on Mercoled\u00ec 30 dicembre 2015 LATINA &#8211; Con 350mila copie vendute del suo Tzn The Best of, e sette dischi di platino, Tiziano Ferro si avvia a chiudere un anno di successi. Se si esclude l&#8217;influenza che lo ha costretto a interrompere per [&hellip;]<\/p>\n","protected":false},"author":62,"featured_media":172371,"comment_status":"open","ping_status":"closed","sticky":false,"template":"","format":"standard","meta":{"footnotes":""},"categories":[2312],"tags":[],"class_list":["post-172370","post","type-post","status-publish","format-standard","has-post-thumbnail","hentry","category-video"],"_links":{"self":[{"href":"https:\/\/www.radioluna.it\/news\/wp-json\/wp\/v2\/posts\/172370","targetHints":{"allow":["GET"]}}],"collection":[{"href":"https:\/\/www.radioluna.it\/news\/wp-json\/wp\/v2\/posts"}],"about":[{"href":"https:\/\/www.radioluna.it\/news\/wp-json\/wp\/v2\/types\/post"}],"author":[{"embeddable":true,"href":"https:\/\/www.radioluna.it\/news\/wp-json\/wp\/v2\/users\/62"}],"replies":[{"embeddable":true,"href":"https:\/\/www.radioluna.it\/news\/wp-json\/wp\/v2\/comments?post=172370"}],"version-history":[{"count":0,"href":"https:\/\/www.radioluna.it\/news\/wp-json\/wp\/v2\/posts\/172370\/revisions"}],"wp:featuredmedia":[{"embeddable":true,"href":"https:\/\/www.radioluna.it\/news\/wp-json\/wp\/v2\/media\/172371"}],"wp:attachment":[{"href":"https:\/\/www.radioluna.it\/news\/wp-json\/wp\/v2\/media?parent=172370"}],"wp:term":[{"taxonomy":"category","embeddable":true,"href":"https:\/\/www.radioluna.it\/news\/wp-json\/wp\/v2\/categories?post=172370"},{"taxonomy":"post_tag","embeddable":true,"href":"https:\/\/www.radioluna.it\/news\/wp-json\/wp\/v2\/tags?post=172370"}],"curies":[{"name":"wp","href":"https:\/\/api.w.org\/{rel}","templated":true}]}}