{"id":172621,"date":"2016-01-08T13:37:06","date_gmt":"2016-01-08T12:37:06","guid":{"rendered":"http:\/\/www.radioluna.it\/news\/?p=172621"},"modified":"2016-01-08T13:41:42","modified_gmt":"2016-01-08T12:41:42","slug":"ritorno-sul-trono-di-uomini-e-donne-per-gianmarco-valenza","status":"publish","type":"post","link":"https:\/\/www.radioluna.it\/news\/2016\/01\/ritorno-sul-trono-di-uomini-e-donne-per-gianmarco-valenza\/","title":{"rendered":"Ritorno sul trono di Uomini e Donne per Gianmarco Valenza"},"content":{"rendered":"<div id=\"fb-root\"><\/div>\n<div id=\"fb-root\" style=\"text-align: justify;\"><strong><a href=\"http:\/\/www.radioluna.it\/news\/wp-content\/uploads\/2016\/01\/valenza-a-laura.jpg\"><img loading=\"lazy\" decoding=\"async\" class=\"aligncenter size-thumbnail wp-image-172631\" src=\"http:\/\/www.radioluna.it\/news\/wp-content\/uploads\/2016\/01\/valenza-a-laura-635x359.jpg\" alt=\"valenza a laura\" width=\"635\" height=\"359\" srcset=\"https:\/\/www.radioluna.it\/news\/wp-content\/uploads\/2016\/01\/valenza-a-laura-635x359.jpg 635w, https:\/\/www.radioluna.it\/news\/wp-content\/uploads\/2016\/01\/valenza-a-laura-768x434.jpg 768w, https:\/\/www.radioluna.it\/news\/wp-content\/uploads\/2016\/01\/valenza-a-laura-500x283.jpg 500w, https:\/\/www.radioluna.it\/news\/wp-content\/uploads\/2016\/01\/valenza-a-laura-300x170.jpg 300w, https:\/\/www.radioluna.it\/news\/wp-content\/uploads\/2016\/01\/valenza-a-laura-800x453.jpg 800w, https:\/\/www.radioluna.it\/news\/wp-content\/uploads\/2016\/01\/valenza-a-laura.jpg 960w\" sizes=\"auto, (max-width: 635px) 100vw, 635px\" \/><\/a>LATINA<\/strong> &#8211; I curiosi sono tantissimi a giudicare dai &#8220;mi piace&#8221;. L&#8217;attesa \u00e8 finita: andr\u00e0 in onda luned\u00ec la puntata del Trono Classico di Uomini e Donne con l&#8217;ex tronista di Latina Gianmarco Valenza. Nell&#8217;anticipazione \u00a0lanciata su Fb, il pontino e Laura Molina raccontano come sta andando la loro storia d&#8217;amore nata negli studi del programma condotto da Maria de Filippi. Valenza, titolare di un locale nella zona dei pub, \u00e8 divenuto un personaggio nell&#8217;estate 2015 partecipando a Temptation Island con la sua ex, prima di essere scelto per il seguitissimo programma di Canale 5 Uomini e Donne.<\/div>\n<p><script>\/\/ <![CDATA[\n(function(d, s, id) { var js, fjs = d.getElementsByTagName(s)[0]; if (d.getElementById(id)) return; js = d.createElement(s); js.id = id; js.src = \"\/\/connect.facebook.net\/it_IT\/sdk.js#xfbml=1&#038;version=v2.3\"; fjs.parentNode.insertBefore(js, fjs);}(document, 'script', 'facebook-jssdk'));\n\/\/ ]]><\/script><\/p>\n<div class=\"fb-post\" data-href=\"https:\/\/www.facebook.com\/uominiedonne\/posts\/1082000808513382\" data-width=\"500\">\n<div class=\"fb-xfbml-parse-ignore\">\n<blockquote cite=\"https:\/\/www.facebook.com\/uominiedonne\/posts\/1082000808513382\"><p>Stiamo per tornare! Guardate chi sono gli ospiti della prossima puntata del Trono Classico e sentite cosa ci raccontano&#8230;<\/p>\n<p>Posted by <a href=\"https:\/\/www.facebook.com\/uominiedonne\/\">Uomini e Donne<\/a> on\u00a0<a href=\"https:\/\/www.facebook.com\/uominiedonne\/posts\/1082000808513382\">Gioved\u00ec 7 gennaio 2016<\/a><\/p><\/blockquote>\n<\/div>\n<\/div>\n","protected":false},"excerpt":{"rendered":"<p>LATINA &#8211; I curiosi sono tantissimi a giudicare dai &#8220;mi piace&#8221;. L&#8217;attesa \u00e8 finita: andr\u00e0 in onda luned\u00ec la puntata del Trono Classico di Uomini e Donne con l&#8217;ex tronista di Latina Gianmarco Valenza. Nell&#8217;anticipazione \u00a0lanciata su Fb, il pontino e Laura Molina raccontano come sta andando la loro storia d&#8217;amore nata negli studi del [&hellip;]<\/p>\n","protected":false},"author":62,"featured_media":172631,"comment_status":"open","ping_status":"closed","sticky":false,"template":"","format":"standard","meta":{"footnotes":""},"categories":[735,2312],"tags":[],"class_list":["post-172621","post","type-post","status-publish","format-standard","has-post-thumbnail","hentry","category-attualita","category-video"],"_links":{"self":[{"href":"https:\/\/www.radioluna.it\/news\/wp-json\/wp\/v2\/posts\/172621","targetHints":{"allow":["GET"]}}],"collection":[{"href":"https:\/\/www.radioluna.it\/news\/wp-json\/wp\/v2\/posts"}],"about":[{"href":"https:\/\/www.radioluna.it\/news\/wp-json\/wp\/v2\/types\/post"}],"author":[{"embeddable":true,"href":"https:\/\/www.radioluna.it\/news\/wp-json\/wp\/v2\/users\/62"}],"replies":[{"embeddable":true,"href":"https:\/\/www.radioluna.it\/news\/wp-json\/wp\/v2\/comments?post=172621"}],"version-history":[{"count":0,"href":"https:\/\/www.radioluna.it\/news\/wp-json\/wp\/v2\/posts\/172621\/revisions"}],"wp:featuredmedia":[{"embeddable":true,"href":"https:\/\/www.radioluna.it\/news\/wp-json\/wp\/v2\/media\/172631"}],"wp:attachment":[{"href":"https:\/\/www.radioluna.it\/news\/wp-json\/wp\/v2\/media?parent=172621"}],"wp:term":[{"taxonomy":"category","embeddable":true,"href":"https:\/\/www.radioluna.it\/news\/wp-json\/wp\/v2\/categories?post=172621"},{"taxonomy":"post_tag","embeddable":true,"href":"https:\/\/www.radioluna.it\/news\/wp-json\/wp\/v2\/tags?post=172621"}],"curies":[{"name":"wp","href":"https:\/\/api.w.org\/{rel}","templated":true}]}}