{"id":172684,"date":"2016-01-09T20:25:35","date_gmt":"2016-01-09T19:25:35","guid":{"rendered":"http:\/\/www.radioluna.it\/news\/?p=172684"},"modified":"2016-01-11T11:51:02","modified_gmt":"2016-01-11T10:51:02","slug":"somma-rischia-lesonero-il-latina-pensa-a-iuliano","status":"publish","type":"post","link":"https:\/\/www.radioluna.it\/news\/2016\/01\/somma-rischia-lesonero-il-latina-pensa-a-iuliano\/","title":{"rendered":"Latina, nuovo ribaltone: Mario Somma \u00e8 stato esonerato"},"content":{"rendered":"<div id=\"fb-root\"><\/div>\n<p><a href=\"http:\/\/www.radioluna.it\/news\/wp-content\/uploads\/2015\/12\/Somma-41.jpg\"><img loading=\"lazy\" decoding=\"async\" class=\"aligncenter size-thumbnail wp-image-172266\" src=\"http:\/\/www.radioluna.it\/news\/wp-content\/uploads\/2015\/12\/Somma-41-635x422.jpg\" alt=\"Somma 4\" width=\"635\" height=\"422\" srcset=\"https:\/\/www.radioluna.it\/news\/wp-content\/uploads\/2015\/12\/Somma-41-635x422.jpg 635w, https:\/\/www.radioluna.it\/news\/wp-content\/uploads\/2015\/12\/Somma-41-500x332.jpg 500w, https:\/\/www.radioluna.it\/news\/wp-content\/uploads\/2015\/12\/Somma-41-600x400.jpg 600w, https:\/\/www.radioluna.it\/news\/wp-content\/uploads\/2015\/12\/Somma-41-300x199.jpg 300w, https:\/\/www.radioluna.it\/news\/wp-content\/uploads\/2015\/12\/Somma-41.jpg 720w\" sizes=\"auto, (max-width: 635px) 100vw, 635px\" \/><\/a><\/p>\n<p style=\"text-align: justify;\"><strong>LATINA<\/strong> &#8211; Fino a ieri sera la panchina di Mario Somma era pi\u00f9 a rischio che mai ed erano circolate diverse indiscrezioni \u00a0che ipotizzavano un esonero e un ritorno sulla panchina nerazzurra di Mark Iuliano oltre ad un&#8217;ipotesi pi\u00f9 suggestiva che concreta che portava ad Alberto Malesani. Poche ore dopo la situazione sembrava rientrata ma poi invece a quanto Mario Somma \u00e8 stato esonerato anche se manca ancora una comunicazione ufficiale della societ\u00e0. Non ci sar\u00e0 lui sulla panchina del Latina nella sfida con il Novara di sabato. \u00a0&lt;Non allener\u00f3 pi\u00f9, smetto definitivamente&gt;, sono le parole riportate dal sito Gianluca Di Marzio. Il bilancio \u00a0del tecnico di Latina sulla panchina nerazzurra \u00e8 di nove punti in dieci partite, frutto di due vittorie interne con Cesena e Livorno, cinque sconfitte (Avellino, Lanciano, La Spezia, Entella e Pescara in casa) e tre pareggi con Salernitana e Crotone al Francioni e quello ottenuto a Vicenza \u00a0per 1-1. Tra i nomi che circolano per la sua sostituzione c&#8217;\u00e8 l&#8217;ipotesi che porta a Carmine Gautieri. Decisive le prossime ore.<\/p>\n","protected":false},"excerpt":{"rendered":"<p>LATINA &#8211; Fino a ieri sera la panchina di Mario Somma era pi\u00f9 a rischio che mai ed erano circolate diverse indiscrezioni \u00a0che ipotizzavano un esonero e un ritorno sulla panchina nerazzurra di Mark Iuliano oltre ad un&#8217;ipotesi pi\u00f9 suggestiva che concreta che portava ad Alberto Malesani. Poche ore dopo la situazione sembrava rientrata ma [&hellip;]<\/p>\n","protected":false},"author":60,"featured_media":172266,"comment_status":"open","ping_status":"closed","sticky":false,"template":"","format":"standard","meta":{"footnotes":""},"categories":[17],"tags":[],"class_list":["post-172684","post","type-post","status-publish","format-standard","has-post-thumbnail","hentry","category-sport"],"_links":{"self":[{"href":"https:\/\/www.radioluna.it\/news\/wp-json\/wp\/v2\/posts\/172684","targetHints":{"allow":["GET"]}}],"collection":[{"href":"https:\/\/www.radioluna.it\/news\/wp-json\/wp\/v2\/posts"}],"about":[{"href":"https:\/\/www.radioluna.it\/news\/wp-json\/wp\/v2\/types\/post"}],"author":[{"embeddable":true,"href":"https:\/\/www.radioluna.it\/news\/wp-json\/wp\/v2\/users\/60"}],"replies":[{"embeddable":true,"href":"https:\/\/www.radioluna.it\/news\/wp-json\/wp\/v2\/comments?post=172684"}],"version-history":[{"count":0,"href":"https:\/\/www.radioluna.it\/news\/wp-json\/wp\/v2\/posts\/172684\/revisions"}],"wp:featuredmedia":[{"embeddable":true,"href":"https:\/\/www.radioluna.it\/news\/wp-json\/wp\/v2\/media\/172266"}],"wp:attachment":[{"href":"https:\/\/www.radioluna.it\/news\/wp-json\/wp\/v2\/media?parent=172684"}],"wp:term":[{"taxonomy":"category","embeddable":true,"href":"https:\/\/www.radioluna.it\/news\/wp-json\/wp\/v2\/categories?post=172684"},{"taxonomy":"post_tag","embeddable":true,"href":"https:\/\/www.radioluna.it\/news\/wp-json\/wp\/v2\/tags?post=172684"}],"curies":[{"name":"wp","href":"https:\/\/api.w.org\/{rel}","templated":true}]}}