{"id":172725,"date":"2016-01-11T14:23:09","date_gmt":"2016-01-11T13:23:09","guid":{"rendered":"http:\/\/www.radioluna.it\/news\/?p=172725"},"modified":"2016-01-11T14:39:29","modified_gmt":"2016-01-11T13:39:29","slug":"retromarcia-latina-somma-resta-allenatore","status":"publish","type":"post","link":"https:\/\/www.radioluna.it\/news\/2016\/01\/retromarcia-latina-somma-resta-allenatore\/","title":{"rendered":"Retromarcia Latina, Somma resta allenatore"},"content":{"rendered":"<div id=\"fb-root\"><\/div>\n<p style=\"text-align: justify;\"><strong><a href=\"http:\/\/www.radioluna.it\/news\/wp-content\/uploads\/2015\/11\/mario-somma-latina-calcio.jpg\"><img loading=\"lazy\" decoding=\"async\" class=\"aligncenter size-thumbnail wp-image-170618\" src=\"http:\/\/www.radioluna.it\/news\/wp-content\/uploads\/2015\/11\/mario-somma-latina-calcio-635x422.jpg\" alt=\"mario somma latina calcio\" width=\"635\" height=\"422\" srcset=\"https:\/\/www.radioluna.it\/news\/wp-content\/uploads\/2015\/11\/mario-somma-latina-calcio-635x422.jpg 635w, https:\/\/www.radioluna.it\/news\/wp-content\/uploads\/2015\/11\/mario-somma-latina-calcio-768x511.jpg 768w, https:\/\/www.radioluna.it\/news\/wp-content\/uploads\/2015\/11\/mario-somma-latina-calcio-500x333.jpg 500w, https:\/\/www.radioluna.it\/news\/wp-content\/uploads\/2015\/11\/mario-somma-latina-calcio-600x400.jpg 600w, https:\/\/www.radioluna.it\/news\/wp-content\/uploads\/2015\/11\/mario-somma-latina-calcio-300x200.jpg 300w, https:\/\/www.radioluna.it\/news\/wp-content\/uploads\/2015\/11\/mario-somma-latina-calcio.jpg 800w\" sizes=\"auto, (max-width: 635px) 100vw, 635px\" \/><\/a>LATINA<\/strong> &#8211; Si direbbe tanto rumore per nulla. Gli esiti di una lunga riunione cominciata questa mattina alle dieci e terminata alle 14, dovrebbero mettere la parola fine a tutte le voci sull&#8217;esonero del tecnico nerazzurro Mario Somma. L&#8217;ufficialit\u00e0 della notizia, che circolava da sabato, non era mai arrivata dalla societ\u00e0, mentre l&#8217;allenatore a Sky sport era sembrato esplicito dichiarando &#8220;Basta lascio per sempre, non far\u00f2 pi\u00f9 l&#8217;allenatore&#8221;, confermando di fatto le indiscrezioni. Oggi la retromarcia della societ\u00e0 e del tecnico. Un lungo confronto tra i vertici dell&#8217;Us Latina Calcio, alcuni dei quali contrari alla cacciata di Somma, avrebbe rimesso le cose a posto. E Somma. con la fiducia rinnovata, sarebbe pronto a guidare l&#8217;allenamento in programma alle 14,30 all&#8217;ex Fulgorcavi.<\/p>\n","protected":false},"excerpt":{"rendered":"<p>LATINA &#8211; Si direbbe tanto rumore per nulla. Gli esiti di una lunga riunione cominciata questa mattina alle dieci e terminata alle 14, dovrebbero mettere la parola fine a tutte le voci sull&#8217;esonero del tecnico nerazzurro Mario Somma. L&#8217;ufficialit\u00e0 della notizia, che circolava da sabato, non era mai arrivata dalla societ\u00e0, mentre l&#8217;allenatore a Sky [&hellip;]<\/p>\n","protected":false},"author":62,"featured_media":170618,"comment_status":"open","ping_status":"closed","sticky":false,"template":"","format":"standard","meta":{"footnotes":""},"categories":[17],"tags":[],"class_list":["post-172725","post","type-post","status-publish","format-standard","has-post-thumbnail","hentry","category-sport"],"_links":{"self":[{"href":"https:\/\/www.radioluna.it\/news\/wp-json\/wp\/v2\/posts\/172725","targetHints":{"allow":["GET"]}}],"collection":[{"href":"https:\/\/www.radioluna.it\/news\/wp-json\/wp\/v2\/posts"}],"about":[{"href":"https:\/\/www.radioluna.it\/news\/wp-json\/wp\/v2\/types\/post"}],"author":[{"embeddable":true,"href":"https:\/\/www.radioluna.it\/news\/wp-json\/wp\/v2\/users\/62"}],"replies":[{"embeddable":true,"href":"https:\/\/www.radioluna.it\/news\/wp-json\/wp\/v2\/comments?post=172725"}],"version-history":[{"count":0,"href":"https:\/\/www.radioluna.it\/news\/wp-json\/wp\/v2\/posts\/172725\/revisions"}],"wp:featuredmedia":[{"embeddable":true,"href":"https:\/\/www.radioluna.it\/news\/wp-json\/wp\/v2\/media\/170618"}],"wp:attachment":[{"href":"https:\/\/www.radioluna.it\/news\/wp-json\/wp\/v2\/media?parent=172725"}],"wp:term":[{"taxonomy":"category","embeddable":true,"href":"https:\/\/www.radioluna.it\/news\/wp-json\/wp\/v2\/categories?post=172725"},{"taxonomy":"post_tag","embeddable":true,"href":"https:\/\/www.radioluna.it\/news\/wp-json\/wp\/v2\/tags?post=172725"}],"curies":[{"name":"wp","href":"https:\/\/api.w.org\/{rel}","templated":true}]}}