{"id":172856,"date":"2016-01-14T14:36:54","date_gmt":"2016-01-14T13:36:54","guid":{"rendered":"http:\/\/www.radioluna.it\/news\/?p=172856"},"modified":"2016-01-14T14:36:54","modified_gmt":"2016-01-14T13:36:54","slug":"interpretazione-ambientale-un-convegno-internazionale-per-parlarne","status":"publish","type":"post","link":"https:\/\/www.radioluna.it\/news\/2016\/01\/interpretazione-ambientale-un-convegno-internazionale-per-parlarne\/","title":{"rendered":"Interpretazione ambientale, un convegno internazionale per parlarne"},"content":{"rendered":"<div id=\"fb-root\"><\/div>\n<p style=\"text-align: justify;\"><strong><a href=\"http:\/\/www.radioluna.it\/news\/wp-content\/uploads\/2016\/01\/cipparone-a-Pantanello.jpg\"><img loading=\"lazy\" decoding=\"async\" class=\"aligncenter size-thumbnail wp-image-172857\" src=\"http:\/\/www.radioluna.it\/news\/wp-content\/uploads\/2016\/01\/cipparone-a-Pantanello-635x476.jpg\" alt=\"cipparone a Pantanello\" width=\"635\" height=\"476\" srcset=\"https:\/\/www.radioluna.it\/news\/wp-content\/uploads\/2016\/01\/cipparone-a-Pantanello-635x476.jpg 635w, https:\/\/www.radioluna.it\/news\/wp-content\/uploads\/2016\/01\/cipparone-a-Pantanello-768x576.jpg 768w, https:\/\/www.radioluna.it\/news\/wp-content\/uploads\/2016\/01\/cipparone-a-Pantanello-500x375.jpg 500w, https:\/\/www.radioluna.it\/news\/wp-content\/uploads\/2016\/01\/cipparone-a-Pantanello-300x225.jpg 300w, https:\/\/www.radioluna.it\/news\/wp-content\/uploads\/2016\/01\/cipparone-a-Pantanello-800x600.jpg 800w, https:\/\/www.radioluna.it\/news\/wp-content\/uploads\/2016\/01\/cipparone-a-Pantanello.jpg 960w\" sizes=\"auto, (max-width: 635px) 100vw, 635px\" \/><\/a>LATINA<\/strong> &#8211;\u00a0Venerd\u00ec prossimo in Basilicata, nel Salone del Castello Sanseverino, in provincia di Potenza,\u00a0esperti del settore e figure istituzionali discuteranno dei pi\u00f9 contemporanei metodi e\u00a0approcci utili ad interpretare le risorse naturalistiche e culturali per trasformarle in ricchezza e benessere\u00a0per un territorio. Sar\u00e0 un incontro cosmopolita che vedr\u00e0 il confronto tra esponenti delle\u00a0istituzioni regionali, personalit\u00e0 di spicco nazionale ed altre provenienti da alcune Universit\u00e0 europee.\u00a0La Fondazione Roffredo Caetani parteciper\u00e0 con Maurilio Cipparone, il maggiore esperto italiano di parchi \u00a0e il geologo Massimo Amodio, progettista del Parco di Pantanello.<\/p>\n<p style=\"text-align: justify;\">L\u2019interpretazione ambientale e culturale sar\u00e0 al centro della giornata formativa per sfruttare\u00a0al meglio e in modo sostenibile le ricchezze ambientali e culturali. Una strategia adottata dalla Fondazione Caetani che gestisce il Monumento Naturale di Ninfa, il Parco di Pantanello e il Castello di Sermoneta, avvalendosi della collaborazione e della grande esperienza di Maurilio Cipparone, tra i pi\u00f9\u00a0grandi conoscitori \u00a0di aree protette in Italia. Cipparone racconter\u00e0 i pi\u00f9 recenti e gi\u00e0 applicati programmi\u00a0innovativi per valorizzare il patrimonio d\u2019Italia e promuovere l\u2019occupazione attraverso\u00a0l\u2019interpretazione ambientale.<\/p>\n<p style=\"text-align: justify;\"><strong>GLI INTERVENT<\/strong>I \u00a0&#8211; Nel corso della mattinata si susseguiranno negli interventi: Domenico Totaro, presidente dell\u2019Ente Parco\u00a0Nazionale dell\u2019Appennino Lucano; Aldo Berlinguer, assessore all\u2019Ambiente e Territorio della Regione\u00a0Basilicata; Aurelia Sole, rettrice dell\u2019Universit\u00e0 degli Studi della Basilicata; Maurilio Cipparone, esponente\u00a0della Fondazione Roffredo Caetani; Peter Seccombe, membro dell\u2019Associazione Interpret Europe; Teresa\u00a0Elena Cinquantaquattro, soprintendente dei Beni Archeologici di Basilicata; Francesca Sogliani, direttrice\u00a0della Scuola di Specializzazione in Archeologia dell\u2019Universit\u00e0 degli Studi di Basilicata; Claudio Bocci,\u00a0direttore di Federculture; Andrea Gennai, presidente AIDAP (Associazione Italiana Direttori Aree Protette);\u00a0Giampiero Sammuri, presidente di Federparchi.<\/p>\n<p style=\"text-align: justify;\">Nel pomeriggio interverranno ai lavori: Massimo Amodio\u00a0della Fondazione Roffredo Caetani; Dorothea Papathanasiou Zuhrt dell\u2019Universit\u00e0 dell\u2019Egeo e di Atene;\u00a0Mariachiara Monaco, docentedell\u2019Universit\u00e0 degli Studi della Basilicata; Eva Sandberg dell\u2019Universit\u00e0 di\u00a0Uppsala e direttore dell\u2019Istituto Nazionale Svedese per l\u2019interpretazione; Stefano Spinetti, presidente AIGAE\u00a0(Associazione Italiana Guide Ambientali Escursionistiche); Nino Martino, noto interprete ambientale e\u00a0culturale. Chiuderanno i lavori: Maria Carmela Giarratano, direttore Generale del MATTM (Ministero\u00a0dell\u2019Ambiente e della Tutela del Territorio e del Mare e Piero Lacorazza, presidente del Consiglio Regionale\u00a0di Basilicata. Parteciperanno i presidenti dei Parchi Nazionali dell\u2019Aspromonte, del Gargano, del Pollino e\u00a0della Sila. Non mancher\u00e0 il racconto delle best practices regionali come quelle dell\u2019Associazione \u201cGuide\u00a0Esclusive ed Ufficiali del Parco\u201d rappresentata dal suo presidente, Giovanna Petrone, e della \u201cFondazione\u00a0Leonardo Sinisgalli\u201d il cui massimo esponente, il direttore Biagio Russo, racconter\u00e0 un\u2019esperienza culturale\u00a0di successo in Basilicata.<\/p>\n<p>&nbsp;<\/p>\n","protected":false},"excerpt":{"rendered":"<p>LATINA &#8211;\u00a0Venerd\u00ec prossimo in Basilicata, nel Salone del Castello Sanseverino, in provincia di Potenza,\u00a0esperti del settore e figure istituzionali discuteranno dei pi\u00f9 contemporanei metodi e\u00a0approcci utili ad interpretare le risorse naturalistiche e culturali per trasformarle in ricchezza e benessere\u00a0per un territorio. Sar\u00e0 un incontro cosmopolita che vedr\u00e0 il confronto tra esponenti delle\u00a0istituzioni regionali, personalit\u00e0 di [&hellip;]<\/p>\n","protected":false},"author":62,"featured_media":172857,"comment_status":"open","ping_status":"closed","sticky":false,"template":"","format":"standard","meta":{"footnotes":""},"categories":[12],"tags":[],"class_list":["post-172856","post","type-post","status-publish","format-standard","has-post-thumbnail","hentry","category-ambiente"],"_links":{"self":[{"href":"https:\/\/www.radioluna.it\/news\/wp-json\/wp\/v2\/posts\/172856","targetHints":{"allow":["GET"]}}],"collection":[{"href":"https:\/\/www.radioluna.it\/news\/wp-json\/wp\/v2\/posts"}],"about":[{"href":"https:\/\/www.radioluna.it\/news\/wp-json\/wp\/v2\/types\/post"}],"author":[{"embeddable":true,"href":"https:\/\/www.radioluna.it\/news\/wp-json\/wp\/v2\/users\/62"}],"replies":[{"embeddable":true,"href":"https:\/\/www.radioluna.it\/news\/wp-json\/wp\/v2\/comments?post=172856"}],"version-history":[{"count":0,"href":"https:\/\/www.radioluna.it\/news\/wp-json\/wp\/v2\/posts\/172856\/revisions"}],"wp:featuredmedia":[{"embeddable":true,"href":"https:\/\/www.radioluna.it\/news\/wp-json\/wp\/v2\/media\/172857"}],"wp:attachment":[{"href":"https:\/\/www.radioluna.it\/news\/wp-json\/wp\/v2\/media?parent=172856"}],"wp:term":[{"taxonomy":"category","embeddable":true,"href":"https:\/\/www.radioluna.it\/news\/wp-json\/wp\/v2\/categories?post=172856"},{"taxonomy":"post_tag","embeddable":true,"href":"https:\/\/www.radioluna.it\/news\/wp-json\/wp\/v2\/tags?post=172856"}],"curies":[{"name":"wp","href":"https:\/\/api.w.org\/{rel}","templated":true}]}}