{"id":172963,"date":"2016-01-18T08:19:33","date_gmt":"2016-01-18T07:19:33","guid":{"rendered":"http:\/\/www.radioluna.it\/news\/?p=172963"},"modified":"2016-01-18T19:10:31","modified_gmt":"2016-01-18T18:10:31","slug":"nanga-parbat-cade-sulle-rocce-daniele-nardi-non-so-perche-sono-ancora-vivo-ma-e-cosi","status":"publish","type":"post","link":"https:\/\/www.radioluna.it\/news\/2016\/01\/nanga-parbat-cade-sulle-rocce-daniele-nardi-non-so-perche-sono-ancora-vivo-ma-e-cosi\/","title":{"rendered":"Nanga Parbat, cade sulle rocce Daniele Nardi: &#8220;Non so perch\u00e9 sono ancora vivo ma \u00e8 cos\u00ec&#8221;"},"content":{"rendered":"<div id=\"fb-root\"><\/div>\n<p style=\"text-align: justify;\"><strong><a href=\"http:\/\/www.radioluna.it\/news\/wp-content\/uploads\/2016\/01\/punto-del-volo.jpg\"><img loading=\"lazy\" decoding=\"async\" class=\"aligncenter size-thumbnail wp-image-172964\" src=\"http:\/\/www.radioluna.it\/news\/wp-content\/uploads\/2016\/01\/punto-del-volo-635x476.jpg\" alt=\"punto del volo\" width=\"635\" height=\"476\" srcset=\"https:\/\/www.radioluna.it\/news\/wp-content\/uploads\/2016\/01\/punto-del-volo-635x476.jpg 635w, https:\/\/www.radioluna.it\/news\/wp-content\/uploads\/2016\/01\/punto-del-volo-768x576.jpg 768w, https:\/\/www.radioluna.it\/news\/wp-content\/uploads\/2016\/01\/punto-del-volo-500x375.jpg 500w, https:\/\/www.radioluna.it\/news\/wp-content\/uploads\/2016\/01\/punto-del-volo-300x225.jpg 300w, https:\/\/www.radioluna.it\/news\/wp-content\/uploads\/2016\/01\/punto-del-volo-800x600.jpg 800w, https:\/\/www.radioluna.it\/news\/wp-content\/uploads\/2016\/01\/punto-del-volo.jpg 960w\" sizes=\"auto, (max-width: 635px) 100vw, 635px\" \/><\/a>LATINA<\/strong> &#8211; &#8220;Non so perch\u00e9 sono ancora vivo, ma \u00e8 cos\u00ec&#8221;. Sono le parole di\u00a0Daniele Nardi che ripresosi dalla paura e anche dalla botta, dopo un&#8217;improvvisa caduta sulle rocce in parete, ha deciso di aggiornare il suo diario della spedizione sul Nanga Parbat, l&#8217;ottomila pakistano che nessuno \u00e8 mai riuscito a scalare in invernale. Per l&#8217;alpinista professionista di Sezze \u00e8 una sfida che dura da quattro anni.<\/p>\n<p style=\"text-align: justify;\">&#8220;Purtroppo ieri sera verso le 16,30, ora pakistana (12 e 30 in Italia), mentre salivo le corde a met\u00e0 delle rocce Kinshofer ho avuto un incidente. Ero a circa 70 o forse 100m dal campo 2 quindi ad una quota superiore ai 6000m. Stavo salendo un tratto di roccia leggermente strapiombante su vecchie corde fisse con uno zaino molto pesante e carico dei materiali necessari per le giornate successive e per allestire il campo. Ahim\u00e8, l\u2019ancoraggio sommitale ha ceduto e sono volato gi\u00f9 anche se le corde a cui ero assicurato erano discrete&#8221;.<\/p>\n<p style=\"text-align: justify;\">&#8220;Il volo \u00e8 stato di circa 8\/15 m, difficile per me dirlo con esattezza &#8211; prosegue lo scalatore &#8211; \u00a0Ero quasi all\u2019uscita del tratto di roccia quando in un \u201cbattito di ciglia\u201d mi sono ritrovato ad urtare contro il pendio ghiacciato sottostante a testa in gi\u00f9.\u00a0Sono schizzato via come un proiettile.\u00a0Fortunatamente avevo fissato tre punti di sicurezza dal mio imbraco alle varie corde fisse in loco. Una di queste corde \u00e8 rimasta incastrata in un piolo di una vecchia scala e quest\u2019ultima ha tenuto.\u00a0Non so perch\u00e9 sono ancora vivo ma \u00e8 cos\u00ec&#8221;.<\/p>\n<p style=\"text-align: justify;\">Nardi ha corso un rischio altissimo, lo spiega lui stesso, triplo quasi rispetto al volo del collega Adam Bieliecki avvenuto nei giorni scorsi mentre i due scalavano insieme: &#8220;Sul momento non ho avuto grossi dolori, era troppo alta a mio avviso l\u2019adrenalina e la voglia di scendere.\u00a0Sono sceso di notte ed \u00e8 stata una discesa rocambolesca. Sono arrivato al campo base alle 23.00 circa.\u00a0Ora sto bene a parte qualche dolore alla schiena ed alla spalla, speriamo che non peggiorino&#8221;, conclude.<\/p>\n","protected":false},"excerpt":{"rendered":"<p>LATINA &#8211; &#8220;Non so perch\u00e9 sono ancora vivo, ma \u00e8 cos\u00ec&#8221;. Sono le parole di\u00a0Daniele Nardi che ripresosi dalla paura e anche dalla botta, dopo un&#8217;improvvisa caduta sulle rocce in parete, ha deciso di aggiornare il suo diario della spedizione sul Nanga Parbat, l&#8217;ottomila pakistano che nessuno \u00e8 mai riuscito a scalare in invernale. Per [&hellip;]<\/p>\n","protected":false},"author":62,"featured_media":172965,"comment_status":"open","ping_status":"closed","sticky":false,"template":"","format":"standard","meta":{"footnotes":""},"categories":[7],"tags":[],"class_list":["post-172963","post","type-post","status-publish","format-standard","has-post-thumbnail","hentry","category-cronaca"],"_links":{"self":[{"href":"https:\/\/www.radioluna.it\/news\/wp-json\/wp\/v2\/posts\/172963","targetHints":{"allow":["GET"]}}],"collection":[{"href":"https:\/\/www.radioluna.it\/news\/wp-json\/wp\/v2\/posts"}],"about":[{"href":"https:\/\/www.radioluna.it\/news\/wp-json\/wp\/v2\/types\/post"}],"author":[{"embeddable":true,"href":"https:\/\/www.radioluna.it\/news\/wp-json\/wp\/v2\/users\/62"}],"replies":[{"embeddable":true,"href":"https:\/\/www.radioluna.it\/news\/wp-json\/wp\/v2\/comments?post=172963"}],"version-history":[{"count":0,"href":"https:\/\/www.radioluna.it\/news\/wp-json\/wp\/v2\/posts\/172963\/revisions"}],"wp:featuredmedia":[{"embeddable":true,"href":"https:\/\/www.radioluna.it\/news\/wp-json\/wp\/v2\/media\/172965"}],"wp:attachment":[{"href":"https:\/\/www.radioluna.it\/news\/wp-json\/wp\/v2\/media?parent=172963"}],"wp:term":[{"taxonomy":"category","embeddable":true,"href":"https:\/\/www.radioluna.it\/news\/wp-json\/wp\/v2\/categories?post=172963"},{"taxonomy":"post_tag","embeddable":true,"href":"https:\/\/www.radioluna.it\/news\/wp-json\/wp\/v2\/tags?post=172963"}],"curies":[{"name":"wp","href":"https:\/\/api.w.org\/{rel}","templated":true}]}}