{"id":172996,"date":"2016-01-21T13:11:34","date_gmt":"2016-01-21T12:11:34","guid":{"rendered":"http:\/\/www.radioluna.it\/news\/?p=172996"},"modified":"2016-01-22T09:34:18","modified_gmt":"2016-01-22T08:34:18","slug":"a-latina-walter-veltroni-presenta-ciao","status":"publish","type":"post","link":"https:\/\/www.radioluna.it\/news\/2016\/01\/a-latina-walter-veltroni-presenta-ciao\/","title":{"rendered":"A Latina, Walter Veltroni presenta Ciao"},"content":{"rendered":"<div id=\"fb-root\"><\/div>\n<p style=\"text-align: justify;\"><a href=\"http:\/\/www.radioluna.it\/news\/wp-content\/uploads\/2016\/01\/ciao.jpg\"><img loading=\"lazy\" decoding=\"async\" class=\"aligncenter size-thumbnail wp-image-172997\" src=\"http:\/\/www.radioluna.it\/news\/wp-content\/uploads\/2016\/01\/ciao-635x788.jpg\" alt=\"ciao\" width=\"635\" height=\"788\" srcset=\"https:\/\/www.radioluna.it\/news\/wp-content\/uploads\/2016\/01\/ciao-635x788.jpg 635w, https:\/\/www.radioluna.it\/news\/wp-content\/uploads\/2016\/01\/ciao-768x953.jpg 768w, https:\/\/www.radioluna.it\/news\/wp-content\/uploads\/2016\/01\/ciao-500x620.jpg 500w, https:\/\/www.radioluna.it\/news\/wp-content\/uploads\/2016\/01\/ciao-242x300.jpg 242w, https:\/\/www.radioluna.it\/news\/wp-content\/uploads\/2016\/01\/ciao-300x372.jpg 300w, https:\/\/www.radioluna.it\/news\/wp-content\/uploads\/2016\/01\/ciao.jpg 774w\" sizes=\"auto, (max-width: 635px) 100vw, 635px\" \/><\/a>LATINA \u00a0&#8211; Gioved\u00ec 21 gennaio (alle 17,30) al Circolo Cittadino di Latina, Walter Veltroni presenta il suo ultimo libro &#8220;Ciao&#8221; in cui l&#8217;autore racconta il sogno di incontrare e quindi anche di conoscere il padre morto molti anni prima, quando lui aveva solo un anno: <strong>\u00a0<\/strong>&#8220;La morte di pap\u00e0 cambi\u00f2 la vita di tutti noi. Perch\u00e9 era un ragazzo: aveva trentasette anni. Solo trentasette anni. Oggi potrebbe essere mio figlio, mio padre&#8221;. Nel libro<strong>\u00a0<\/strong>Vittorio Veltroni sul pianerottolo della casa di famiglia aspetta il figlio Walter ormai adulto. Insieme per la prima volta e solo per una sera, provano a raccontarsi le loro vite&#8221;.<\/p>\n<p style=\"text-align: justify;\">L&#8217;incontro sar\u00e0 moderato da Matteo Palombo, coordinano Giorgio De Marchis e Fabrizio Mattioli. Interverr\u00e0 il candidato sindaco del Pd Enrico Forte.<\/p>\n<div class=\"radio-posizionamento-telefono-in-articoli-dopo-il-contenuto-articolo radio-entity-placement\" id=\"radio-3318304548\"><div id=\"radio-1591288962\"><a href=\"https:\/\/www.simeoneceramiche.com\/\" aria-label=\"SIMEONE CERAMICHE GIF animata per radioluna_Tavola disegno 1 copia 2 (online-video-cutter.com)\"><img loading=\"lazy\" decoding=\"async\" src=\"https:\/\/www.radioluna.it\/news\/wp-content\/uploads\/2025\/05\/SIMEONE-CERAMICHE-GIF-animata-per-radioluna_Tavola-disegno-1-copia-2-online-video-cutter.com_.gif\" alt=\"\"  width=\"300\" height=\"250\"   \/><\/a><\/div><\/div>","protected":false},"excerpt":{"rendered":"<p>LATINA \u00a0&#8211; Gioved\u00ec 21 gennaio (alle 17,30) al Circolo Cittadino di Latina, Walter Veltroni presenta il suo ultimo libro &#8220;Ciao&#8221; in cui l&#8217;autore racconta il sogno di incontrare e quindi anche di conoscere il padre morto molti anni prima, quando lui aveva solo un anno: \u00a0&#8220;La morte di pap\u00e0 cambi\u00f2 la vita di tutti noi. [&hellip;]<\/p>\n","protected":false},"author":62,"featured_media":172997,"comment_status":"open","ping_status":"closed","sticky":false,"template":"","format":"standard","meta":{"footnotes":""},"categories":[16,15],"tags":[],"class_list":["post-172996","post","type-post","status-publish","format-standard","has-post-thumbnail","hentry","category-appuntamenti","category-cultura"],"_links":{"self":[{"href":"https:\/\/www.radioluna.it\/news\/wp-json\/wp\/v2\/posts\/172996","targetHints":{"allow":["GET"]}}],"collection":[{"href":"https:\/\/www.radioluna.it\/news\/wp-json\/wp\/v2\/posts"}],"about":[{"href":"https:\/\/www.radioluna.it\/news\/wp-json\/wp\/v2\/types\/post"}],"author":[{"embeddable":true,"href":"https:\/\/www.radioluna.it\/news\/wp-json\/wp\/v2\/users\/62"}],"replies":[{"embeddable":true,"href":"https:\/\/www.radioluna.it\/news\/wp-json\/wp\/v2\/comments?post=172996"}],"version-history":[{"count":0,"href":"https:\/\/www.radioluna.it\/news\/wp-json\/wp\/v2\/posts\/172996\/revisions"}],"wp:featuredmedia":[{"embeddable":true,"href":"https:\/\/www.radioluna.it\/news\/wp-json\/wp\/v2\/media\/172997"}],"wp:attachment":[{"href":"https:\/\/www.radioluna.it\/news\/wp-json\/wp\/v2\/media?parent=172996"}],"wp:term":[{"taxonomy":"category","embeddable":true,"href":"https:\/\/www.radioluna.it\/news\/wp-json\/wp\/v2\/categories?post=172996"},{"taxonomy":"post_tag","embeddable":true,"href":"https:\/\/www.radioluna.it\/news\/wp-json\/wp\/v2\/tags?post=172996"}],"curies":[{"name":"wp","href":"https:\/\/api.w.org\/{rel}","templated":true}]}}