{"id":173086,"date":"2016-01-20T14:14:30","date_gmt":"2016-01-20T13:14:30","guid":{"rendered":"http:\/\/www.radioluna.it\/news\/?p=173086"},"modified":"2016-01-20T14:18:22","modified_gmt":"2016-01-20T13:18:22","slug":"itri-due-minorenni-rubano-un-furgone-e-fuggono-presi-a-sperlonga","status":"publish","type":"post","link":"https:\/\/www.radioluna.it\/news\/2016\/01\/itri-due-minorenni-rubano-un-furgone-e-fuggono-presi-a-sperlonga\/","title":{"rendered":"Itri, due minorenni rubano un furgone e fuggono, presi a Sperlonga"},"content":{"rendered":"<div id=\"fb-root\"><\/div>\n<p style=\"text-align: justify;\"><a href=\"http:\/\/www.radioluna.it\/news\/wp-content\/uploads\/2015\/11\/CARABINIERI-NOTTE.jpg\"><img loading=\"lazy\" decoding=\"async\" class=\"aligncenter size-thumbnail wp-image-170344\" src=\"http:\/\/www.radioluna.it\/news\/wp-content\/uploads\/2015\/11\/CARABINIERI-NOTTE-635x422.jpg\" alt=\"CARABINIERI NOTTE\" width=\"635\" height=\"422\" srcset=\"https:\/\/www.radioluna.it\/news\/wp-content\/uploads\/2015\/11\/CARABINIERI-NOTTE-635x422.jpg 635w, https:\/\/www.radioluna.it\/news\/wp-content\/uploads\/2015\/11\/CARABINIERI-NOTTE-768x511.jpg 768w, https:\/\/www.radioluna.it\/news\/wp-content\/uploads\/2015\/11\/CARABINIERI-NOTTE-500x333.jpg 500w, https:\/\/www.radioluna.it\/news\/wp-content\/uploads\/2015\/11\/CARABINIERI-NOTTE-600x400.jpg 600w, https:\/\/www.radioluna.it\/news\/wp-content\/uploads\/2015\/11\/CARABINIERI-NOTTE-300x200.jpg 300w, https:\/\/www.radioluna.it\/news\/wp-content\/uploads\/2015\/11\/CARABINIERI-NOTTE.jpg 800w\" sizes=\"auto, (max-width: 635px) 100vw, 635px\" \/><\/a>ITRI &#8211; Ancora minorenni rubano un furgone e fuggono, ma incappano immediatamente in una \u00a0pattuglia dei carabinieri. E&#8217; accaduto nella notte ad Itri. Due ragazzi a bordo di un Fiat Iveco non si sono fermati all&#8217;alt dei militari e hanno proseguito la corsa sulla Flacca inseguiti da pi\u00f9 pattuglie. Alla fine sono stati raggiunti e arrestati nel centro di Sperlonga dove il conducente \u00e8 sceso tentando di dileguarsi a piedi. Poco dopo \u00e8 stato raggiunto. Per entrambi sono scattate le manette. Il furgone, si \u00e8 scoperto, era stato rubato poco prima a Itri. Nell&#8217;auto c&#8217;era anche la borsa con gli attrezzi da scasso che sono stati sequestrati. I due accusati di guida senza patente, furto aggravato, resistenza a pubblico ufficiale e possesso ingiustificato di grimaldelli, \u00a0sono stati trasferiti nel centro di prima accoglienza di Roma in attesa delle decisioni del giudice.<\/p>\n","protected":false},"excerpt":{"rendered":"<p>ITRI &#8211; Ancora minorenni rubano un furgone e fuggono, ma incappano immediatamente in una \u00a0pattuglia dei carabinieri. E&#8217; accaduto nella notte ad Itri. Due ragazzi a bordo di un Fiat Iveco non si sono fermati all&#8217;alt dei militari e hanno proseguito la corsa sulla Flacca inseguiti da pi\u00f9 pattuglie. Alla fine sono stati raggiunti e [&hellip;]<\/p>\n","protected":false},"author":62,"featured_media":170344,"comment_status":"open","ping_status":"closed","sticky":false,"template":"","format":"standard","meta":{"footnotes":""},"categories":[7],"tags":[],"class_list":["post-173086","post","type-post","status-publish","format-standard","has-post-thumbnail","hentry","category-cronaca"],"_links":{"self":[{"href":"https:\/\/www.radioluna.it\/news\/wp-json\/wp\/v2\/posts\/173086","targetHints":{"allow":["GET"]}}],"collection":[{"href":"https:\/\/www.radioluna.it\/news\/wp-json\/wp\/v2\/posts"}],"about":[{"href":"https:\/\/www.radioluna.it\/news\/wp-json\/wp\/v2\/types\/post"}],"author":[{"embeddable":true,"href":"https:\/\/www.radioluna.it\/news\/wp-json\/wp\/v2\/users\/62"}],"replies":[{"embeddable":true,"href":"https:\/\/www.radioluna.it\/news\/wp-json\/wp\/v2\/comments?post=173086"}],"version-history":[{"count":0,"href":"https:\/\/www.radioluna.it\/news\/wp-json\/wp\/v2\/posts\/173086\/revisions"}],"wp:featuredmedia":[{"embeddable":true,"href":"https:\/\/www.radioluna.it\/news\/wp-json\/wp\/v2\/media\/170344"}],"wp:attachment":[{"href":"https:\/\/www.radioluna.it\/news\/wp-json\/wp\/v2\/media?parent=173086"}],"wp:term":[{"taxonomy":"category","embeddable":true,"href":"https:\/\/www.radioluna.it\/news\/wp-json\/wp\/v2\/categories?post=173086"},{"taxonomy":"post_tag","embeddable":true,"href":"https:\/\/www.radioluna.it\/news\/wp-json\/wp\/v2\/tags?post=173086"}],"curies":[{"name":"wp","href":"https:\/\/api.w.org\/{rel}","templated":true}]}}