{"id":173239,"date":"2016-01-24T17:25:46","date_gmt":"2016-01-24T16:25:46","guid":{"rendered":"http:\/\/www.radioluna.it\/news\/?p=173239"},"modified":"2016-01-25T07:23:36","modified_gmt":"2016-01-25T06:23:36","slug":"latina-stop-al-degrado-in-q4-e-q5","status":"publish","type":"post","link":"https:\/\/www.radioluna.it\/news\/2016\/01\/latina-stop-al-degrado-in-q4-e-q5\/","title":{"rendered":"Latina, stop al degrado in Q4 e Q5"},"content":{"rendered":"<div id=\"fb-root\"><\/div>\n<div id=\"attachment_110498\" style=\"width: 645px\" class=\"wp-caption aligncenter\"><a href=\"http:\/\/www.radioluna.it\/news\/wp-content\/uploads\/2011\/10\/differenziata-Largo-Carissimi-Q4.jpg\"><img loading=\"lazy\" decoding=\"async\" aria-describedby=\"caption-attachment-110498\" class=\"wp-image-110498 \" src=\"http:\/\/www.radioluna.it\/news\/wp-content\/uploads\/2011\/10\/differenziata-Largo-Carissimi-Q4.jpg\" alt=\"Largo Carissimi Q4\" width=\"635\" height=\"301\" \/><\/a><p id=\"caption-attachment-110498\" class=\"wp-caption-text\">Largo Carissimi Q4<\/p><\/div>\n<p style=\"text-align: justify;\"><strong>LATINA<\/strong> &#8211; Dovevano rappresentare il fiore all&#8217;occhiello del piano regolatore della citt\u00e0 ed essere due quartieri modello: residenziali ed efficienti. La realt\u00e0 \u00e8 ben diversa ed \u00e8 sotto gli occhi di tutti, come spiegano i residenti dei quartieri Q4 e Q5 di Latina ormai esasperati. E&#8217; quello che emerge dal questionario distribuito in occasione della campagna d&#8217;ascolto &lt;Incontriamoci&gt; organizzata da Latina Bene Comune. \u00a0\u00abNei due quartieri Nuova Latina e Nascosa \u2013 spiegano in una nota \u00a0&#8211; le opere di urbanizzazione primaria non sono state completate e le aree per le opere secondarie non sono ancora state consegnate al Comune. Il contenzioso tuttora in atto non fa prevedere nulla di buono. Il primo compito della nuova amministrazione dovr\u00e0 essere quello di ricucire il rapporto con le persone che abitano nei quartieri attraverso una presenza quotidiana sul territorio, cosa che Latina Bene Comune ha cominciato a fare costruendo il suo programma insieme ai cittadini\u00bb.<\/p>\n<p>&nbsp;<\/p>\n","protected":false},"excerpt":{"rendered":"<p>LATINA &#8211; Dovevano rappresentare il fiore all&#8217;occhiello del piano regolatore della citt\u00e0 ed essere due quartieri modello: residenziali ed efficienti. La realt\u00e0 \u00e8 ben diversa ed \u00e8 sotto gli occhi di tutti, come spiegano i residenti dei quartieri Q4 e Q5 di Latina ormai esasperati. E&#8217; quello che emerge dal questionario distribuito in occasione della [&hellip;]<\/p>\n","protected":false},"author":60,"featured_media":0,"comment_status":"open","ping_status":"closed","sticky":false,"template":"","format":"standard","meta":{"footnotes":""},"categories":[12],"tags":[],"class_list":["post-173239","post","type-post","status-publish","format-standard","hentry","category-ambiente"],"_links":{"self":[{"href":"https:\/\/www.radioluna.it\/news\/wp-json\/wp\/v2\/posts\/173239","targetHints":{"allow":["GET"]}}],"collection":[{"href":"https:\/\/www.radioluna.it\/news\/wp-json\/wp\/v2\/posts"}],"about":[{"href":"https:\/\/www.radioluna.it\/news\/wp-json\/wp\/v2\/types\/post"}],"author":[{"embeddable":true,"href":"https:\/\/www.radioluna.it\/news\/wp-json\/wp\/v2\/users\/60"}],"replies":[{"embeddable":true,"href":"https:\/\/www.radioluna.it\/news\/wp-json\/wp\/v2\/comments?post=173239"}],"version-history":[{"count":0,"href":"https:\/\/www.radioluna.it\/news\/wp-json\/wp\/v2\/posts\/173239\/revisions"}],"wp:attachment":[{"href":"https:\/\/www.radioluna.it\/news\/wp-json\/wp\/v2\/media?parent=173239"}],"wp:term":[{"taxonomy":"category","embeddable":true,"href":"https:\/\/www.radioluna.it\/news\/wp-json\/wp\/v2\/categories?post=173239"},{"taxonomy":"post_tag","embeddable":true,"href":"https:\/\/www.radioluna.it\/news\/wp-json\/wp\/v2\/tags?post=173239"}],"curies":[{"name":"wp","href":"https:\/\/api.w.org\/{rel}","templated":true}]}}