{"id":173477,"date":"2016-01-29T20:31:57","date_gmt":"2016-01-29T19:31:57","guid":{"rendered":"http:\/\/www.radioluna.it\/news\/?p=173477"},"modified":"2016-01-29T22:55:27","modified_gmt":"2016-01-29T21:55:27","slug":"si-finge-pensionato-per-avere-un-finanziamento-di-22mila-euro","status":"publish","type":"post","link":"https:\/\/www.radioluna.it\/news\/2016\/01\/si-finge-pensionato-per-avere-un-finanziamento-di-22mila-euro\/","title":{"rendered":"Si finge pensionato per avere un finanziamento di 22mila euro"},"content":{"rendered":"<div id=\"fb-root\"><\/div>\n<p><a href=\"http:\/\/www.radioluna.it\/news\/wp-content\/uploads\/2015\/09\/CARABINIERI-GENERICA-ANTONIO.jpg\"><img loading=\"lazy\" decoding=\"async\" class=\"aligncenter size-thumbnail wp-image-169186\" src=\"http:\/\/www.radioluna.it\/news\/wp-content\/uploads\/2015\/09\/CARABINIERI-GENERICA-ANTONIO-635x356.jpg\" alt=\"CARABINIERI GENERICA ANTONIO\" width=\"635\" height=\"356\" srcset=\"https:\/\/www.radioluna.it\/news\/wp-content\/uploads\/2015\/09\/CARABINIERI-GENERICA-ANTONIO-635x356.jpg 635w, https:\/\/www.radioluna.it\/news\/wp-content\/uploads\/2015\/09\/CARABINIERI-GENERICA-ANTONIO-768x431.jpg 768w, https:\/\/www.radioluna.it\/news\/wp-content\/uploads\/2015\/09\/CARABINIERI-GENERICA-ANTONIO-500x281.jpg 500w, https:\/\/www.radioluna.it\/news\/wp-content\/uploads\/2015\/09\/CARABINIERI-GENERICA-ANTONIO-300x168.jpg 300w, https:\/\/www.radioluna.it\/news\/wp-content\/uploads\/2015\/09\/CARABINIERI-GENERICA-ANTONIO-1024x575.jpg 1024w, https:\/\/www.radioluna.it\/news\/wp-content\/uploads\/2015\/09\/CARABINIERI-GENERICA-ANTONIO-800x449.jpg 800w, https:\/\/www.radioluna.it\/news\/wp-content\/uploads\/2015\/09\/CARABINIERI-GENERICA-ANTONIO.jpg 1000w\" sizes=\"auto, (max-width: 635px) 100vw, 635px\" \/><\/a><\/p>\n<p style=\"text-align: justify;\"><strong>LATINA<\/strong> &#8211; Si era spacciato per un pensionato anche se aveva 53 anni per\u00a0ottenere un finanziamento di 22mila euro cedendo il quinto della pensione. Alla fine per\u00f2 nonostante un documento di identit\u00e0 falso intestato ad un ignaro pensionato di Latina, l&#8217;uomo \u00e8 stato smascherato dai carabinieri della stazione di Latina che lo hanno indagato a piede libero per \u201cfalsit\u00e0 in scrittura privata aggravata, sostituzione di persona, detenzione o uso di documento di identificazione e tentata truffa.<\/p>\n","protected":false},"excerpt":{"rendered":"<p>LATINA &#8211; Si era spacciato per un pensionato anche se aveva 53 anni per\u00a0ottenere un finanziamento di 22mila euro cedendo il quinto della pensione. Alla fine per\u00f2 nonostante un documento di identit\u00e0 falso intestato ad un ignaro pensionato di Latina, l&#8217;uomo \u00e8 stato smascherato dai carabinieri della stazione di Latina che lo hanno indagato a [&hellip;]<\/p>\n","protected":false},"author":60,"featured_media":169186,"comment_status":"open","ping_status":"closed","sticky":false,"template":"","format":"standard","meta":{"footnotes":""},"categories":[7],"tags":[],"class_list":["post-173477","post","type-post","status-publish","format-standard","has-post-thumbnail","hentry","category-cronaca"],"_links":{"self":[{"href":"https:\/\/www.radioluna.it\/news\/wp-json\/wp\/v2\/posts\/173477","targetHints":{"allow":["GET"]}}],"collection":[{"href":"https:\/\/www.radioluna.it\/news\/wp-json\/wp\/v2\/posts"}],"about":[{"href":"https:\/\/www.radioluna.it\/news\/wp-json\/wp\/v2\/types\/post"}],"author":[{"embeddable":true,"href":"https:\/\/www.radioluna.it\/news\/wp-json\/wp\/v2\/users\/60"}],"replies":[{"embeddable":true,"href":"https:\/\/www.radioluna.it\/news\/wp-json\/wp\/v2\/comments?post=173477"}],"version-history":[{"count":0,"href":"https:\/\/www.radioluna.it\/news\/wp-json\/wp\/v2\/posts\/173477\/revisions"}],"wp:featuredmedia":[{"embeddable":true,"href":"https:\/\/www.radioluna.it\/news\/wp-json\/wp\/v2\/media\/169186"}],"wp:attachment":[{"href":"https:\/\/www.radioluna.it\/news\/wp-json\/wp\/v2\/media?parent=173477"}],"wp:term":[{"taxonomy":"category","embeddable":true,"href":"https:\/\/www.radioluna.it\/news\/wp-json\/wp\/v2\/categories?post=173477"},{"taxonomy":"post_tag","embeddable":true,"href":"https:\/\/www.radioluna.it\/news\/wp-json\/wp\/v2\/tags?post=173477"}],"curies":[{"name":"wp","href":"https:\/\/api.w.org\/{rel}","templated":true}]}}