{"id":173708,"date":"2016-02-04T14:35:28","date_gmt":"2016-02-04T13:35:28","guid":{"rendered":"http:\/\/www.radioluna.it\/news\/?p=173708"},"modified":"2016-02-05T10:35:49","modified_gmt":"2016-02-05T09:35:49","slug":"nuovo-suicidio-uomo-trovato-morto-lungo-il-lago-di-fogliano","status":"publish","type":"post","link":"https:\/\/www.radioluna.it\/news\/2016\/02\/nuovo-suicidio-uomo-trovato-morto-lungo-il-lago-di-fogliano\/","title":{"rendered":"Nuovo suicidio, uomo trovato morto lungo il Lago di Fogliano"},"content":{"rendered":"<div id=\"fb-root\"><\/div>\n<p style=\"text-align: justify;\"><strong><a href=\"http:\/\/www.radioluna.it\/news\/wp-content\/uploads\/2016\/02\/fogliano-1.jpg\"><img loading=\"lazy\" decoding=\"async\" class=\"aligncenter size-thumbnail wp-image-173709\" src=\"http:\/\/www.radioluna.it\/news\/wp-content\/uploads\/2016\/02\/fogliano-1-635x422.jpg\" alt=\"fogliano 1\" width=\"635\" height=\"422\" srcset=\"https:\/\/www.radioluna.it\/news\/wp-content\/uploads\/2016\/02\/fogliano-1-635x422.jpg 635w, https:\/\/www.radioluna.it\/news\/wp-content\/uploads\/2016\/02\/fogliano-1-768x511.jpg 768w, https:\/\/www.radioluna.it\/news\/wp-content\/uploads\/2016\/02\/fogliano-1-500x333.jpg 500w, https:\/\/www.radioluna.it\/news\/wp-content\/uploads\/2016\/02\/fogliano-1-600x400.jpg 600w, https:\/\/www.radioluna.it\/news\/wp-content\/uploads\/2016\/02\/fogliano-1-300x200.jpg 300w, https:\/\/www.radioluna.it\/news\/wp-content\/uploads\/2016\/02\/fogliano-1-1024x681.jpg 1024w, https:\/\/www.radioluna.it\/news\/wp-content\/uploads\/2016\/02\/fogliano-1-800x532.jpg 800w, https:\/\/www.radioluna.it\/news\/wp-content\/uploads\/2016\/02\/fogliano-1.jpg 1000w\" sizes=\"auto, (max-width: 635px) 100vw, 635px\" \/><\/a>LATINA<\/strong> &#8211; \u00a0Un&#8217;altra tragedia segue di poche ore quella avvenuta mercoled\u00ec pomeriggio negli uffici comunali di Latina. Un uomo di 48 anni \u00e8 stato trovato impiccato a Fogliano, sul lungo lago. La scoperta \u00e8 stata fatta \u00a0da una coppia che passeggiava con il cane nella parte dell&#8221;area protetta cui si accede da Via del Lido, nei pressi della pista ciclabile. E&#8217; stato l&#8217;animale, che era libero in quel momento, a trovare il corpo impiccato ad un albero e ormai privo di vita. Sul posto sono intervenuti i sanitari del 118 e la squadra mobile per gli accertamenti.<\/p>\n<p style=\"text-align: justify;\">Secondo la ricostruzione degli agenti della Volante e della squadra Mobile che hanno identificato il corpo, l&#8217;uomo era arrivato a piedi partendo da casa, in Viale Le Corbusier, portando con s\u00e9 il necessario per togliersi la vita.<\/p>\n","protected":false},"excerpt":{"rendered":"<p>LATINA &#8211; \u00a0Un&#8217;altra tragedia segue di poche ore quella avvenuta mercoled\u00ec pomeriggio negli uffici comunali di Latina. Un uomo di 48 anni \u00e8 stato trovato impiccato a Fogliano, sul lungo lago. La scoperta \u00e8 stata fatta \u00a0da una coppia che passeggiava con il cane nella parte dell&#8221;area protetta cui si accede da Via del Lido, [&hellip;]<\/p>\n","protected":false},"author":62,"featured_media":173710,"comment_status":"open","ping_status":"closed","sticky":false,"template":"","format":"standard","meta":{"footnotes":""},"categories":[7],"tags":[],"class_list":["post-173708","post","type-post","status-publish","format-standard","has-post-thumbnail","hentry","category-cronaca"],"_links":{"self":[{"href":"https:\/\/www.radioluna.it\/news\/wp-json\/wp\/v2\/posts\/173708","targetHints":{"allow":["GET"]}}],"collection":[{"href":"https:\/\/www.radioluna.it\/news\/wp-json\/wp\/v2\/posts"}],"about":[{"href":"https:\/\/www.radioluna.it\/news\/wp-json\/wp\/v2\/types\/post"}],"author":[{"embeddable":true,"href":"https:\/\/www.radioluna.it\/news\/wp-json\/wp\/v2\/users\/62"}],"replies":[{"embeddable":true,"href":"https:\/\/www.radioluna.it\/news\/wp-json\/wp\/v2\/comments?post=173708"}],"version-history":[{"count":0,"href":"https:\/\/www.radioluna.it\/news\/wp-json\/wp\/v2\/posts\/173708\/revisions"}],"wp:featuredmedia":[{"embeddable":true,"href":"https:\/\/www.radioluna.it\/news\/wp-json\/wp\/v2\/media\/173710"}],"wp:attachment":[{"href":"https:\/\/www.radioluna.it\/news\/wp-json\/wp\/v2\/media?parent=173708"}],"wp:term":[{"taxonomy":"category","embeddable":true,"href":"https:\/\/www.radioluna.it\/news\/wp-json\/wp\/v2\/categories?post=173708"},{"taxonomy":"post_tag","embeddable":true,"href":"https:\/\/www.radioluna.it\/news\/wp-json\/wp\/v2\/tags?post=173708"}],"curies":[{"name":"wp","href":"https:\/\/api.w.org\/{rel}","templated":true}]}}