{"id":173741,"date":"2016-02-05T10:47:13","date_gmt":"2016-02-05T09:47:13","guid":{"rendered":"http:\/\/www.radioluna.it\/news\/?p=173741"},"modified":"2016-02-05T11:12:49","modified_gmt":"2016-02-05T10:12:49","slug":"latina-colletta-per-la-roulotte-dopo-il-sequestro-della-casa-di-fortuna","status":"publish","type":"post","link":"https:\/\/www.radioluna.it\/news\/2016\/02\/latina-colletta-per-la-roulotte-dopo-il-sequestro-della-casa-di-fortuna\/","title":{"rendered":"Latina, sequestrata la roulotte dove vivevano due donne indigenti: era senza assicurazione"},"content":{"rendered":"<div id=\"fb-root\"><\/div>\n<p style=\"text-align: justify;\"><a href=\"http:\/\/www.radioluna.it\/news\/wp-content\/uploads\/2016\/02\/roulotte.jpg\"><img loading=\"lazy\" decoding=\"async\" class=\"aligncenter size-thumbnail wp-image-173742\" src=\"http:\/\/www.radioluna.it\/news\/wp-content\/uploads\/2016\/02\/roulotte-635x476.jpg\" alt=\"roulotte\" width=\"635\" height=\"476\" srcset=\"https:\/\/www.radioluna.it\/news\/wp-content\/uploads\/2016\/02\/roulotte-635x476.jpg 635w, https:\/\/www.radioluna.it\/news\/wp-content\/uploads\/2016\/02\/roulotte-768x576.jpg 768w, https:\/\/www.radioluna.it\/news\/wp-content\/uploads\/2016\/02\/roulotte-500x375.jpg 500w, https:\/\/www.radioluna.it\/news\/wp-content\/uploads\/2016\/02\/roulotte-300x225.jpg 300w, https:\/\/www.radioluna.it\/news\/wp-content\/uploads\/2016\/02\/roulotte-800x600.jpg 800w, https:\/\/www.radioluna.it\/news\/wp-content\/uploads\/2016\/02\/roulotte.jpg 960w\" sizes=\"auto, (max-width: 635px) 100vw, 635px\" \/><\/a><strong>LATINA<\/strong> &#8211; Vivevano in una Panda, poi l&#8217;associazione Valore Donna ha trovato una roulotte e le ha fatte &#8220;trasferire&#8221; per rendere meno difficile la loro vita, in attesa di una vera sistemazione. Il mezzo per\u00f2 \u00e8 stato sequestrato dai vigili urbani per mancanza della prevista assicurazione, obbligatoria bench\u00e9 la casa viaggiante fosse ferma. Ora i cittadini di Latina, in un solidale passaparola stanno raccogliendo i soldi necessari al dissequestro e all&#8217;assicurazione: servono circa 1000 euro e la colletta \u00e8 a buon punto. Un contributo anche di pochi spiccioli, pu\u00f2 far raggiungere in fretta lo scopo e ridare un minimo di dignit\u00e0 alle due donne che intanto sono tornate a vivere nella vecchia Panda. Chi volesse partecipare pu\u00f2 contattare la gelateria Mastrobattista.<\/p>\n<p style=\"text-align: justify;\">\u201cLa storia di Carmela e Patrizia \u00e8 quanto mai assurda \u2013 spiega Valentina Pappacena. Entrambe, infatti, sono prime in graduatoria per l\u2019assegnazione delle case popolari, ma non sono mai riuscite ad avere un alloggio Ater per cui anni fa si erano trovate costrette, per dare un tetto ai loro figli, ad occupare una casa loro malgrado. Ultimamente una di loro, Patrizia \u2013 spiega ancora il Presidente di Valore Donna \u2013 aveva trovato rifugio presso Casapound, mentre Carmela che ha 4 figli e un nipote a carico non pu\u00f2 alloggiare nemmeno a casa dell\u2019ex marito perch\u00e9 troppo piccola per tutti. Il suo caso era finito anche sulla Rai, ma il Comune non l\u2019ha mai nemmeno incontrata una volta. La roulotte non baster\u00e0 per tutti \u2013 aggiunge Valentina Pappacena. Ci sono solo 4 posti letto per cui abbiamo risolto il problema, ma solo in parte. Una delle figlie di Carmela \u00e8 partita. E\u2019 andata in Germania per cercare lavoro. La cosa assurda \u2013 spiega ancora la presidente dell\u2019associazione \u2013 \u00e8 che alcuni mi chiedono perch\u00e9 queste persone non lavorano. Ecco lo spiego subito. Patrizia ha sempre lavorato fino a quando non si \u00e8 dovuta sottoporre a 4 operazioni alla colonna vertebrale per cui \u00e8 invalida al 50%. Carmela s\u00ec lavora, ma non percepisce nemmeno 500 euro al mese e deve mantenere una famiglia intera. Ma l\u2019assurdit\u00e0 della loro storia non finisce qui \u2013 aggiunge ancora la Pappacena \u2013 perch\u00e9 lo scorso mese di settembre, entrambe, sono state escluse dalla graduatoria; a Patrizia perch\u00e9 Casapound non \u00e8 una struttura che il Comune riconosce di prima accoglienza e a Carmela perch\u00e9 non ha fatto richiesta di aiuto economico al Comune. Peccato &#8211; spiega ancora Valore Donna &#8211; che il contributo da lei richiesto il Comune non lo ha erogato perch\u00e9 i soldi sono bastati solo per una piccolissima parte di coloro che li avevano richiesti e quindi la colpa non pu\u00f2 certo essere la sua!\u201d.<\/p>\n<p align=\"JUSTIFY\">\n","protected":false},"excerpt":{"rendered":"<p>LATINA &#8211; Vivevano in una Panda, poi l&#8217;associazione Valore Donna ha trovato una roulotte e le ha fatte &#8220;trasferire&#8221; per rendere meno difficile la loro vita, in attesa di una vera sistemazione. Il mezzo per\u00f2 \u00e8 stato sequestrato dai vigili urbani per mancanza della prevista assicurazione, obbligatoria bench\u00e9 la casa viaggiante fosse ferma. Ora i [&hellip;]<\/p>\n","protected":false},"author":62,"featured_media":173742,"comment_status":"open","ping_status":"closed","sticky":false,"template":"","format":"standard","meta":{"footnotes":""},"categories":[7],"tags":[],"class_list":["post-173741","post","type-post","status-publish","format-standard","has-post-thumbnail","hentry","category-cronaca"],"_links":{"self":[{"href":"https:\/\/www.radioluna.it\/news\/wp-json\/wp\/v2\/posts\/173741","targetHints":{"allow":["GET"]}}],"collection":[{"href":"https:\/\/www.radioluna.it\/news\/wp-json\/wp\/v2\/posts"}],"about":[{"href":"https:\/\/www.radioluna.it\/news\/wp-json\/wp\/v2\/types\/post"}],"author":[{"embeddable":true,"href":"https:\/\/www.radioluna.it\/news\/wp-json\/wp\/v2\/users\/62"}],"replies":[{"embeddable":true,"href":"https:\/\/www.radioluna.it\/news\/wp-json\/wp\/v2\/comments?post=173741"}],"version-history":[{"count":0,"href":"https:\/\/www.radioluna.it\/news\/wp-json\/wp\/v2\/posts\/173741\/revisions"}],"wp:featuredmedia":[{"embeddable":true,"href":"https:\/\/www.radioluna.it\/news\/wp-json\/wp\/v2\/media\/173742"}],"wp:attachment":[{"href":"https:\/\/www.radioluna.it\/news\/wp-json\/wp\/v2\/media?parent=173741"}],"wp:term":[{"taxonomy":"category","embeddable":true,"href":"https:\/\/www.radioluna.it\/news\/wp-json\/wp\/v2\/categories?post=173741"},{"taxonomy":"post_tag","embeddable":true,"href":"https:\/\/www.radioluna.it\/news\/wp-json\/wp\/v2\/tags?post=173741"}],"curies":[{"name":"wp","href":"https:\/\/api.w.org\/{rel}","templated":true}]}}